{"id":44208,"date":"2023-08-23T14:20:56","date_gmt":"2023-08-23T20:20:56","guid":{"rendered":"https:\/\/encuentroinformativo.com.mx\/?p=44208"},"modified":"2023-08-23T14:21:00","modified_gmt":"2023-08-23T20:21:00","slug":"carecen-rescatistas-de-equipo-para-operar-en-zonas-de-alto-riesgo","status":"publish","type":"post","link":"https:\/\/encuentroinformativo.com.mx\/?p=44208","title":{"rendered":"Carecen rescatistas de equipo para operar en zonas de alto riesgo"},"content":{"rendered":"\n<p><strong>Juan Arcos <\/strong><\/p>\n\n\n\n<p>Xalapa, Ver.- Rescatistas carecen de equipo para su operaci\u00f3n en lugares de alto riesgo, como el Pico de Orizaba, donde el fin de semana pasado murieron cuatro alpinistas tras un presunto accidente.<\/p>\n\n\n\n<p>Gabriel Rosete, delegado de la Brigada de Rescate Socorro Alpino de Orizaba, indic\u00f3 que se lanzar\u00e1 un curso sobre primeros auxilios con causa.<\/p>\n\n\n\n<p>Se busca recaudar fondos para la compra de una camilla, cascos y equipo de radiocomunicaci\u00f3n para las maniobras de rescate de monta\u00f1a.<\/p>\n\n\n\n<p>El curso tiene un costo de mil pesos, durar\u00e1 dos d\u00edas, con siete u ocho horas diarias y est\u00e1 dirigido a personas que se dedican a actividades al aire libre.<\/p>\n\n\n\n<p>Al taller avanzado podr\u00e1n sumarse prestadores del sector tur\u00edstico, gu\u00edas, operadores y personal interesado.<\/p>\n\n\n\n<p>\u201cCon los fondos adquiridos vamos a comprar otra camilla que necesitamos para maniobras de rescate de monta\u00f1a, as\u00ed cascos y radiocomunicaci\u00f3n que es la parte m\u00e1s fundamental para rescatistas\u201d.<\/p>\n\n\n\n<p>&#8220;Agradecemos el apoyo para que la comunidad se sume y se una a esta gran labor de lo que es el rescate para el turismo, no nada m\u00e1s en el estado de Veracruz sino en las zonas donde se requieran\u201d.<\/p>\n\n\n\n<p>El curso denominado \u201cPrimeros auxilios avanzados en actividades de aventura 2023\u201d se llevar\u00e1 a cabo los d\u00edas 9 y 10 de septiembre en el municipio de Orizaba.<\/p>\n\n\n\n<p>Cabe recordar que cuatro alpinistas murieron cuando sub\u00edan el volc\u00e1n Citlalt\u00e9petl, tambi\u00e9n conocido como Pico de Orizaba, ubicado entre los estados de Veracruz y Puebla. Las v\u00edctimas fueron dos veracruzanos, un poblano y una persona extranjera.<\/p>\n","protected":false},"excerpt":{"rendered":"<p>Juan Arcos Xalapa, Ver.- Rescatistas carecen de equipo para su operaci\u00f3n en lugares de alto riesgo, como el Pico de Orizaba, donde el fin de semana pasado murieron cuatro alpinistas tras un presunto accidente. Gabriel Rosete, delegado de la Brigada de Rescate Socorro Alpino de Orizaba, indic\u00f3 que se lanzar\u00e1 un curso sobre primeros auxilios [&hellip;]<\/p>\n","protected":false},"author":2476,"featured_media":44209,"comment_status":"open","ping_status":"open","sticky":false,"template":"","format":"standard","meta":{"_jetpack_memberships_contains_paid_content":false,"footnotes":""},"categories":[2],"tags":[],"class_list":["post-44208","post","type-post","status-publish","format-standard","has-post-thumbnail","hentry","category-estado"],"jetpack_featured_media_url":"https:\/\/encuentroinformativo.com.mx\/wp-content\/uploads\/2023\/08\/IMG_2733.jpg","jetpack_sharing_enabled":true,"jetpack_likes_enabled":true,"amp_enabled":true,"_links":{"self":[{"href":"https:\/\/encuentroinformativo.com.mx\/index.php?rest_route=\/wp\/v2\/posts\/44208","targetHints":{"allow":["GET"]}}],"collection":[{"href":"https:\/\/encuentroinformativo.com.mx\/index.php?rest_route=\/wp\/v2\/posts"}],"about":[{"href":"https:\/\/encuentroinformativo.com.mx\/index.php?rest_route=\/wp\/v2\/types\/post"}],"author":[{"embeddable":true,"href":"https:\/\/encuentroinformativo.com.mx\/index.php?rest_route=\/wp\/v2\/users\/2476"}],"replies":[{"embeddable":true,"href":"https:\/\/encuentroinformativo.com.mx\/index.php?rest_route=%2Fwp%2Fv2%2Fcomments&post=44208"}],"version-history":[{"count":1,"href":"https:\/\/encuentroinformativo.com.mx\/index.php?rest_route=\/wp\/v2\/posts\/44208\/revisions"}],"predecessor-version":[{"id":44210,"href":"https:\/\/encuentroinformativo.com.mx\/index.php?rest_route=\/wp\/v2\/posts\/44208\/revisions\/44210"}],"wp:featuredmedia":[{"embeddable":true,"href":"https:\/\/encuentroinformativo.com.mx\/index.php?rest_route=\/wp\/v2\/media\/44209"}],"wp:attachment":[{"href":"https:\/\/encuentroinformativo.com.mx\/index.php?rest_route=%2Fwp%2Fv2%2Fmedia&parent=44208"}],"wp:term":[{"taxonomy":"category","embeddable":true,"href":"https:\/\/encuentroinformativo.com.mx\/index.php?rest_route=%2Fwp%2Fv2%2Fcategories&post=44208"},{"taxonomy":"post_tag","embeddable":true,"href":"https:\/\/encuentroinformativo.com.mx\/index.php?rest_route=%2Fwp%2Fv2%2Ftags&post=44208"}],"curies":[{"name":"wp","href":"https:\/\/api.w.org\/{rel}","templated":true}]}}