{"id":44221,"date":"2023-08-23T17:31:05","date_gmt":"2023-08-23T23:31:05","guid":{"rendered":"https:\/\/encuentroinformativo.com.mx\/?p=44221"},"modified":"2023-08-23T17:31:09","modified_gmt":"2023-08-23T23:31:09","slug":"xalapa-tiene-24-colonias-asentadas-en-nucleos-agrarios-hernandez-palacios","status":"publish","type":"post","link":"https:\/\/encuentroinformativo.com.mx\/?p=44221","title":{"rendered":"Xalapa tiene 24 colonias asentadas en n\u00facleos agrarios: Hern\u00e1ndez Palacios"},"content":{"rendered":"\n<p><strong>Dar\u00edo Pale <\/strong><\/p>\n\n\n\n<p>Xalapa, Ver.- Jos\u00e9 Luis Hern\u00e1ndez Palacios Procurador Agrario del Gobierno de la Rep\u00fablica dio a conocer que, en Xalapa hay 24 colonias irregulares asentadas en n\u00facleos agrarios, lo que representa focos rojos en este tema en la capital del estado, y el \u00a041 por ciento de la superficie de Veracruz son n\u00facleos agrarios.<\/p>\n\n\n\n<p>En entrevista se\u00f1al\u00f3 que, firmaron un convenio de colaboraci\u00f3n con la Secretaria de Desarrollo Econ\u00f3mico y Portuario (SEDECOP), para garantizar un proceso ordenado de incorporaci\u00f3n de tierras ejidales a los procesos de transformaci\u00f3n territorial que van a ir requiriendo con motivo de los nuevos impulsos de desarrollo, industrial, carretero y de comunicaciones en el estado.<\/p>\n\n\n\n<p>&#8220;El 41 por ciento de la superficie de Veracruz son n\u00facleos agrarios tenemos tres mil 900 n\u00facleos agrarios entre ejidos y comunidades, Veracruz es un estado de profunda arraigada agrarista, y hoy la participaci\u00f3n de los n\u00facleos en t\u00e9rminos de equidad, justicia a estos nuevos procesos de desarrollo y de manera ordenada jur\u00eddicamente garantizada es lo que queremos llevar a cabo&#8221;, se\u00f1al\u00f3.<\/p>\n\n\n\n<p>Coment\u00f3 que con esto quieren prevenir cualquier problema agrario, no obstante dijo que hay un problema de crecimiento urbano, como ejemplo se\u00f1al\u00f3 que en Xalapa hay 24 colonias irregulares asentadas en n\u00facleos agrarios, por lo que junto con el ayuntamiento est\u00e1n trabajando y el instituto nacional de suelo Sustentable, para que logren su regularizaci\u00f3n.<\/p>\n\n\n\n<p>Al ser cuestionado sobre las \u00e1reas naturales protegidas coment\u00f3 que &#8220;ese es un tema aparte que no est\u00e1 en lo agrario muchas gracias&#8230;.., esta parte es urbana no es atribuci\u00f3n m\u00eda, no no no esto no tiene que ver con lo agrario&#8221;.\u00a0<\/p>\n\n\n\n<p>&#8220;La pregunta es las \u00e1reas agrarias tambi\u00e9n son parte de una zona de Xalapa y tambi\u00e9n hay \u00e1reas agrarias, como est\u00e1n trabajando para proteger?, aqu\u00ed trabajamos profundamente vinculados a SEMARNAT, es que empezaste t\u00fa pregunta mal me hablas de la crisis en Xalapa ambiental, es que una forma es saber preguntar, -y otra cosa tambi\u00e9n es interrumpir- yo te agradezco mucho la atenci\u00f3n&#8221;, comentaron.<\/p>\n\n\n\n<p>Dijo que est\u00e1n trabajando profundamente con el sector ambiental, est\u00e1n impulsando la creaci\u00f3n de \u00e1reas dedicadas voluntariamente a la conservaci\u00f3n en el estado, hasta el momento tienen 170 y pr\u00f3ximamente incorporar\u00e1n m\u00e1s hect\u00e1reas, en el pa\u00eds han contribuido con 100 mil hect\u00e1reas desde los n\u00facleos agrarios como \u00e1reas de reserva.<\/p>\n\n\n\n<p>Finalmente se\u00f1al\u00f3 que para poder llevar a cabo cambios de destinos de las tierras agrarias tienen que contar con la autorizaci\u00f3n de la SEMARNAT y de CONAGUA, con eso garantizan como un objetivo fundamental la sustentabilidad de los n\u00facleos agrarios, las \u00e1reas urbanas se comen a las agrarias cuando no hay regulaci\u00f3n y no hay colaboraci\u00f3n de los ayuntamientos.\u00a0<\/p>\n","protected":false},"excerpt":{"rendered":"<p>Dar\u00edo Pale Xalapa, Ver.- Jos\u00e9 Luis Hern\u00e1ndez Palacios Procurador Agrario del Gobierno de la Rep\u00fablica dio a conocer que, en Xalapa hay 24 colonias irregulares asentadas en n\u00facleos agrarios, lo que representa focos rojos en este tema en la capital del estado, y el \u00a041 por ciento de la superficie de Veracruz son n\u00facleos agrarios. [&hellip;]<\/p>\n","protected":false},"author":2476,"featured_media":44222,"comment_status":"open","ping_status":"open","sticky":false,"template":"","format":"standard","meta":{"_jetpack_memberships_contains_paid_content":false,"footnotes":""},"categories":[2],"tags":[],"class_list":["post-44221","post","type-post","status-publish","format-standard","has-post-thumbnail","hentry","category-estado"],"jetpack_featured_media_url":"https:\/\/encuentroinformativo.com.mx\/wp-content\/uploads\/2023\/08\/IMG-20230823-WA00772.jpg","jetpack_sharing_enabled":true,"jetpack_likes_enabled":true,"amp_enabled":true,"_links":{"self":[{"href":"https:\/\/encuentroinformativo.com.mx\/index.php?rest_route=\/wp\/v2\/posts\/44221","targetHints":{"allow":["GET"]}}],"collection":[{"href":"https:\/\/encuentroinformativo.com.mx\/index.php?rest_route=\/wp\/v2\/posts"}],"about":[{"href":"https:\/\/encuentroinformativo.com.mx\/index.php?rest_route=\/wp\/v2\/types\/post"}],"author":[{"embeddable":true,"href":"https:\/\/encuentroinformativo.com.mx\/index.php?rest_route=\/wp\/v2\/users\/2476"}],"replies":[{"embeddable":true,"href":"https:\/\/encuentroinformativo.com.mx\/index.php?rest_route=%2Fwp%2Fv2%2Fcomments&post=44221"}],"version-history":[{"count":1,"href":"https:\/\/encuentroinformativo.com.mx\/index.php?rest_route=\/wp\/v2\/posts\/44221\/revisions"}],"predecessor-version":[{"id":44223,"href":"https:\/\/encuentroinformativo.com.mx\/index.php?rest_route=\/wp\/v2\/posts\/44221\/revisions\/44223"}],"wp:featuredmedia":[{"embeddable":true,"href":"https:\/\/encuentroinformativo.com.mx\/index.php?rest_route=\/wp\/v2\/media\/44222"}],"wp:attachment":[{"href":"https:\/\/encuentroinformativo.com.mx\/index.php?rest_route=%2Fwp%2Fv2%2Fmedia&parent=44221"}],"wp:term":[{"taxonomy":"category","embeddable":true,"href":"https:\/\/encuentroinformativo.com.mx\/index.php?rest_route=%2Fwp%2Fv2%2Fcategories&post=44221"},{"taxonomy":"post_tag","embeddable":true,"href":"https:\/\/encuentroinformativo.com.mx\/index.php?rest_route=%2Fwp%2Fv2%2Ftags&post=44221"}],"curies":[{"name":"wp","href":"https:\/\/api.w.org\/{rel}","templated":true}]}}