{"id":44227,"date":"2023-08-24T10:27:32","date_gmt":"2023-08-24T16:27:32","guid":{"rendered":"https:\/\/encuentroinformativo.com.mx\/?p=44227"},"modified":"2023-08-24T00:34:42","modified_gmt":"2023-08-24T06:34:42","slug":"regresa-a-xalapa-son-jarocho-de-los-vega","status":"publish","type":"post","link":"https:\/\/encuentroinformativo.com.mx\/?p=44227","title":{"rendered":"Regresa a Xalapa son jarocho de &#8220;Los Vega&#8221;"},"content":{"rendered":"\n<p><strong>Juan Arcos <\/strong><\/p>\n\n\n\n<p>Xalapa, Ver.- El grupo de Son Jarocho \u201cLos Vega\u201d regresar\u00e1 a la ciudad de Xalapa despu\u00e9s de varios a\u00f1os con una experiencia cultural en el \u201cEl Toque de Gracia: Cocina Estridentista\u201d, el pr\u00f3ximo viernes 1 de septiembre a partir de las 8 de la noche.<\/p>\n\n\n\n<p>\u201cLos Vega\u201d se han dedicado a la interpretaci\u00f3n, difusi\u00f3n y promoci\u00f3n de este g\u00e9nero musical desde hace m\u00e1s de 15 a\u00f1os.<\/p>\n\n\n\n<p>Su nombre alude a una de las familias m\u00e1s importantes dentro de la rama tradicional de esta m\u00fasica: La familia Vega de Boca de San Miguel, Tlacotalpan, Veracruz.<\/p>\n\n\n\n<p>El d\u00eda de su presentaci\u00f3n, Do\u00f1a Angelita Hern\u00e1ndez, mam\u00e1 del maestro Ram\u00f3n Guti\u00e9rrez, director del grupo Son de Madera y cocinera tradicional de Tres Zapotes, se une al chef de \u201cEl Toque de Gracia\u201d, Willy Gracia para dise\u00f1ar un men\u00fa que acompa\u00f1e la m\u00fasica de &#8220;Los Vega\u201d.<\/p>\n\n\n\n<p>Se ofrecer\u00e1 una clase magistral a las 12 del d\u00eda en donde do\u00f1a Angelita y Willy compartir\u00e1n con los asistentes la preparaci\u00f3n de comida de la cuenca del Papaloapan para acompa\u00f1ar el fandango, como el tapiztle, barbacoa, tamal de elote, tamal de verdura y, de postre, dulce de majar y torito.<\/p>\n\n\n\n<p>El costo de esta clase es de 350 pesos e incluye una entrada general al concierto.\u00a0Otro atractivo es que antes del concierto, a las 16:00 horas, el restaurante estar\u00e1 abierto con su men\u00fa regular, y la oportunidad de comer con \u201cLos Vega\u201d, para esta actividad se recomienda reservar una mesa ya que el cupo es limitado, y no tiene costo adicional, es consumo a la carta.<\/p>\n\n\n\n<p>\u201cLa idea es aprender de los protagonistas de esta tradici\u00f3n tan viva en primera persona, sentarnos a la mesa nos abre la puerta para entender el son como una totalidad, hay que poner atenci\u00f3n no solo a los sonidos, tambi\u00e9n hay colores, olores y sabores, esa es la magia\u201d, explic\u00f3 Daniel Cruz Gracia, programador art\u00edstico de \u201cEl Toque de Gracia\u201d.<\/p>\n\n\n\n<p>La casa mezcalera \u201cAgua del Sol\u201d, se une al \u201cToque de Gracia\u201d, para ofrecer su l\u00ednea de mezcales hecha por las maestras mezcaleras Berta V\u00e1squez y Reyna Rodr\u00edguez, excelente maridaje para acompa\u00f1ar la cocina de Do\u00f1a Angelita.<\/p>\n\n\n\n<p>El \u201cToque de Gracia\u201d se ubicada en la calle Santos Degollado n\u00famero 81A, muy cerca del parque \u201cLos Berros\u201d. Para este evento hay dos tipos de entradas, una general que cuesta 250 pesos y una en mesa que cuesta 400 pesos por persona.<\/p>\n\n\n\n<p>El d\u00eda del evento los precios son de 350 pesos general y 500 pesos en mesa. Adem\u00e1s ese d\u00eda hay un precio especial para todos los jaraneros que asistan con su instrumento, y el costo para ellos es de 100 pesos.<\/p>\n\n\n\n<p>Para mayores informes pueden visitar el siguiente link\u00a0<a rel=\"noreferrer noopener\" href=\"http:\/\/blt.mx\/l64\" target=\"_blank\">http:\/\/blt.mx\/l64<\/a>\u00a0o las redes sociales de El Toque de Gracia.<\/p>\n","protected":false},"excerpt":{"rendered":"<p>Juan Arcos Xalapa, Ver.- El grupo de Son Jarocho \u201cLos Vega\u201d regresar\u00e1 a la ciudad de Xalapa despu\u00e9s de varios a\u00f1os con una experiencia cultural en el \u201cEl Toque de Gracia: Cocina Estridentista\u201d, el pr\u00f3ximo viernes 1 de septiembre a partir de las 8 de la noche. \u201cLos Vega\u201d se han dedicado a la interpretaci\u00f3n, [&hellip;]<\/p>\n","protected":false},"author":2476,"featured_media":44228,"comment_status":"open","ping_status":"open","sticky":false,"template":"","format":"standard","meta":{"_jetpack_memberships_contains_paid_content":false,"footnotes":""},"categories":[3],"tags":[],"class_list":["post-44227","post","type-post","status-publish","format-standard","has-post-thumbnail","hentry","category-xalapa"],"jetpack_featured_media_url":"https:\/\/encuentroinformativo.com.mx\/wp-content\/uploads\/2023\/08\/IMG_2737.jpg","jetpack_sharing_enabled":true,"jetpack_likes_enabled":true,"amp_enabled":true,"_links":{"self":[{"href":"https:\/\/encuentroinformativo.com.mx\/index.php?rest_route=\/wp\/v2\/posts\/44227","targetHints":{"allow":["GET"]}}],"collection":[{"href":"https:\/\/encuentroinformativo.com.mx\/index.php?rest_route=\/wp\/v2\/posts"}],"about":[{"href":"https:\/\/encuentroinformativo.com.mx\/index.php?rest_route=\/wp\/v2\/types\/post"}],"author":[{"embeddable":true,"href":"https:\/\/encuentroinformativo.com.mx\/index.php?rest_route=\/wp\/v2\/users\/2476"}],"replies":[{"embeddable":true,"href":"https:\/\/encuentroinformativo.com.mx\/index.php?rest_route=%2Fwp%2Fv2%2Fcomments&post=44227"}],"version-history":[{"count":1,"href":"https:\/\/encuentroinformativo.com.mx\/index.php?rest_route=\/wp\/v2\/posts\/44227\/revisions"}],"predecessor-version":[{"id":44229,"href":"https:\/\/encuentroinformativo.com.mx\/index.php?rest_route=\/wp\/v2\/posts\/44227\/revisions\/44229"}],"wp:featuredmedia":[{"embeddable":true,"href":"https:\/\/encuentroinformativo.com.mx\/index.php?rest_route=\/wp\/v2\/media\/44228"}],"wp:attachment":[{"href":"https:\/\/encuentroinformativo.com.mx\/index.php?rest_route=%2Fwp%2Fv2%2Fmedia&parent=44227"}],"wp:term":[{"taxonomy":"category","embeddable":true,"href":"https:\/\/encuentroinformativo.com.mx\/index.php?rest_route=%2Fwp%2Fv2%2Fcategories&post=44227"},{"taxonomy":"post_tag","embeddable":true,"href":"https:\/\/encuentroinformativo.com.mx\/index.php?rest_route=%2Fwp%2Fv2%2Ftags&post=44227"}],"curies":[{"name":"wp","href":"https:\/\/api.w.org\/{rel}","templated":true}]}}