{"id":44239,"date":"2023-08-24T10:39:25","date_gmt":"2023-08-24T16:39:25","guid":{"rendered":"https:\/\/encuentroinformativo.com.mx\/?p=44239"},"modified":"2023-08-24T10:39:29","modified_gmt":"2023-08-24T16:39:29","slug":"trabajadores-del-haev-en-veracruz-se-cambian-de-sindicato","status":"publish","type":"post","link":"https:\/\/encuentroinformativo.com.mx\/?p=44239","title":{"rendered":"Trabajadores del HAEV en Veracruz se cambian de sindicato"},"content":{"rendered":"\n<p><strong>Alejandro \u00c1vila<\/strong><\/p>\n\n\n\n<p>Veracruz, Ver.- En menos de una semana, 12 por ciento del personal sindicalizado del Hospital de Alta Especialidad de Veracruz (HAEV) dej\u00f3 de pertenecer al SNTSA y se sumaron al Sindicato Mexicano de Salud (SIMESA).<\/p>\n\n\n\n<p>El Hospital de Alta Especialidad de Veracruz cuenta con 2 500 trabajadores sindicalizados, de los cuales 300 ya pertenecen a SIMESA.<\/p>\n\n\n\n<p>Jessica Vel\u00e1zquez Salda\u00f1a, secretaria general, puntualiz\u00f3 que una de las prioridades que se tienen en SIMESA, ser\u00e1 el respetar la antig\u00fcedad laboral.<\/p>\n\n\n\n<p>&#8220;Habemos compa\u00f1eros que tenemos m\u00e1s de 15 a\u00f1os, 17, 18, hasta 19 a\u00f1os en espera de una Base Federal, y resulta que hay compa\u00f1eros que tiene menos tiempo de trabajo, de antig\u00fcedad laboral y son beneficiados. Entonces, esa es la pregunta m\u00e1s trillada que nos hacen los compa\u00f1eros, s\u00ed se nos va a respetar nuestra antig\u00fcedad, claro que s\u00ed, para eso estamos aqu\u00ed, para que se respete esa parte como trabajador, no solo nuestra antig\u00fcedad, sino todos nuestros derechos que nosotros tenemos. Pero igual, recordarle tambi\u00e9n a los compa\u00f1eros que as\u00ed como tenemos derechos tenemos obligaciones&#8221;, subray\u00f3.<\/p>\n\n\n\n<p>Jessica Vel\u00e1zquez reconoci\u00f3 que tuvieron ciertos problemas para afiliar a sus nuevos miembros, sin embargo, aclar\u00f3 que lo \u00fanico que buscan es ser una nueva opci\u00f3n para los trabajadores y que finalmente haya una decisi\u00f3n del empleado sobre quien quiere que lo represente.<\/p>\n\n\n\n<p>&#8220;Ahorita con los cambios que ha habido en la ley, entonces el trabajador ya puede decidir d\u00f3nde quiere que lo representen. Hoy en d\u00eda a nadie se le est\u00e1 obligando a que se afilie con nosotros, los mismos compa\u00f1eros deciden o est\u00e1n convencidos de formar parte de SIMESA&#8221;, recalc\u00f3.<\/p>\n\n\n\n<p>Cabe recordar que, apenas el pasado s\u00e1bado 19 de agosto, le fue tomada protesta a Jessica Gabriela Vel\u00e1zquez Salda\u00f1a, como secretaria general de la secci\u00f3n Veracruz de SIMESA, por parte del doctor, Jes\u00fas Ricardo Cruz Cotero, l\u00edder nacional; y el licenciado, Oscar Monz\u00f3n, l\u00edder estatal de SIMESA.<\/p>\n","protected":false},"excerpt":{"rendered":"<p>Alejandro \u00c1vila Veracruz, Ver.- En menos de una semana, 12 por ciento del personal sindicalizado del Hospital de Alta Especialidad de Veracruz (HAEV) dej\u00f3 de pertenecer al SNTSA y se sumaron al Sindicato Mexicano de Salud (SIMESA). El Hospital de Alta Especialidad de Veracruz cuenta con 2 500 trabajadores sindicalizados, de los cuales 300 ya [&hellip;]<\/p>\n","protected":false},"author":2476,"featured_media":44240,"comment_status":"open","ping_status":"open","sticky":false,"template":"","format":"standard","meta":{"_jetpack_memberships_contains_paid_content":false,"footnotes":""},"categories":[9],"tags":[],"class_list":["post-44239","post","type-post","status-publish","format-standard","has-post-thumbnail","hentry","category-salud"],"jetpack_featured_media_url":"https:\/\/encuentroinformativo.com.mx\/wp-content\/uploads\/2023\/08\/IMG-20230824-WA00072.jpg","jetpack_sharing_enabled":true,"jetpack_likes_enabled":true,"amp_enabled":true,"_links":{"self":[{"href":"https:\/\/encuentroinformativo.com.mx\/index.php?rest_route=\/wp\/v2\/posts\/44239","targetHints":{"allow":["GET"]}}],"collection":[{"href":"https:\/\/encuentroinformativo.com.mx\/index.php?rest_route=\/wp\/v2\/posts"}],"about":[{"href":"https:\/\/encuentroinformativo.com.mx\/index.php?rest_route=\/wp\/v2\/types\/post"}],"author":[{"embeddable":true,"href":"https:\/\/encuentroinformativo.com.mx\/index.php?rest_route=\/wp\/v2\/users\/2476"}],"replies":[{"embeddable":true,"href":"https:\/\/encuentroinformativo.com.mx\/index.php?rest_route=%2Fwp%2Fv2%2Fcomments&post=44239"}],"version-history":[{"count":1,"href":"https:\/\/encuentroinformativo.com.mx\/index.php?rest_route=\/wp\/v2\/posts\/44239\/revisions"}],"predecessor-version":[{"id":44241,"href":"https:\/\/encuentroinformativo.com.mx\/index.php?rest_route=\/wp\/v2\/posts\/44239\/revisions\/44241"}],"wp:featuredmedia":[{"embeddable":true,"href":"https:\/\/encuentroinformativo.com.mx\/index.php?rest_route=\/wp\/v2\/media\/44240"}],"wp:attachment":[{"href":"https:\/\/encuentroinformativo.com.mx\/index.php?rest_route=%2Fwp%2Fv2%2Fmedia&parent=44239"}],"wp:term":[{"taxonomy":"category","embeddable":true,"href":"https:\/\/encuentroinformativo.com.mx\/index.php?rest_route=%2Fwp%2Fv2%2Fcategories&post=44239"},{"taxonomy":"post_tag","embeddable":true,"href":"https:\/\/encuentroinformativo.com.mx\/index.php?rest_route=%2Fwp%2Fv2%2Ftags&post=44239"}],"curies":[{"name":"wp","href":"https:\/\/api.w.org\/{rel}","templated":true}]}}