{"id":44246,"date":"2023-08-24T12:34:46","date_gmt":"2023-08-24T18:34:46","guid":{"rendered":"https:\/\/encuentroinformativo.com.mx\/?p=44246"},"modified":"2023-08-24T12:34:50","modified_gmt":"2023-08-24T18:34:50","slug":"atiende-pc-de-boca-del-rio-escuela-afectada-por-lluvias","status":"publish","type":"post","link":"https:\/\/encuentroinformativo.com.mx\/?p=44246","title":{"rendered":"Atiende PC de Boca del R\u00edo escuela afectada por lluvias"},"content":{"rendered":"\n<p><strong>Alejandro \u00c1vila<\/strong><\/p>\n\n\n\n<p>Boca del R\u00edo, Ver.- La lluvia at\u00edpica que azot\u00f3 la madrugada de este jueves el municipio de Boca del R\u00edo, provoc\u00f3 la inundaci\u00f3n de una escuela en la colonia Villa Rica, lugar a d\u00f3nde se traslad\u00f3 el personal de Protecci\u00f3n Civil municipal para brindar el auxilio necesario.<\/p>\n\n\n\n<p>&#8220;Aqu\u00ed lo que estamos haciendo es sacar el agua, haz de cuenta que cada acceso a los salones, a los diferentes espacios que tiene la escuela, est\u00e1 levantado precisamente para que no se meta el agua, pero debido a la cantidad de agua que cay\u00f3 ayer aqu\u00ed en la ciudad, pues rebas\u00f3 ese tope que tiene antes de llegar a las puertas de las mismas aulas. Entonces ahorita estamos atendiendo y vamos a ver en que m\u00e1s apoyamos a la escuela&#8221;, mencion\u00f3 el alcalde, Juan Manuel Unanue Abascal.<\/p>\n\n\n\n<p>Es de mencionar que esta situaci\u00f3n se dio en la primaria &#8220;Luis Pasteur&#8221;, ubicada sobre la calle 5 entre Aguascalientes y Jalisco de la colonia Villa Rica, donde a decir del personal de intendencia, el agua alcanz\u00f3 el metro de altura.<\/p>\n\n\n\n<p>Por su parte, Josefina Morales, directora de la instituci\u00f3n, se\u00f1al\u00f3 que aunque no sea cuantificado realmente los da\u00f1os, las p\u00e9rdidas podr\u00edan alcanzar los 50 mil pesos, pues bocinas, material did\u00e1ctico, compresores de climas y, parte de los nuevos libros de texto, quedaron bajo el agua.<\/p>\n\n\n\n<p>\u201cSe inund\u00f3 a las 4 y media de la ma\u00f1ana, me habla el intendente que la escuela se estaba inundando, subi\u00f3 1 metro el nivel del agua, tuvimos p\u00e9rdidas, no puedo calcular, entre 40 o 50 mil pesos, porque tenemos climas nuevos y todos andaban rodando en el agua, las cubetas de pinturas se regaron en las bodegas, los nuevos libros de texto. De 3 mil libros yo creo que como mil 500 se perdieron, se mojaron\u201d.&nbsp; &nbsp;<\/p>\n\n\n\n<p>Se\u00f1al\u00f3 que no es la primera vez que la escuela se inunda por las fuertes lluvias, en promedio esta situaci\u00f3n ocurre entre 4 o 5 veces al a\u00f1o.<\/p>\n\n\n\n<p>\u201cLa escuela est\u00e1 en buenas condiciones, pero se inunda. Nunca hab\u00eda rebasado, pero esta vez subi\u00f3 a un metro en todos los salones. Cuando llueve la cancha es la que se inunda, a veces entra a los salones, pero un poquito nada m\u00e1s. Necesitamos ver ponen una tuber\u00eda o algo, porque siempre ser\u00e1 lo mismo.&nbsp;<\/p>\n\n\n\n<p>Con escobas, trapeadores y cubetas, maestros y personal de la instituci\u00f3n inici\u00f3 con los trabajos de limpieza. Personal del Ayuntamiento de Boca del R\u00edo acudi\u00f3 con bombas para sacar el agua de los salones afectados.<\/p>\n","protected":false},"excerpt":{"rendered":"<p>Alejandro \u00c1vila Boca del R\u00edo, Ver.- La lluvia at\u00edpica que azot\u00f3 la madrugada de este jueves el municipio de Boca del R\u00edo, provoc\u00f3 la inundaci\u00f3n de una escuela en la colonia Villa Rica, lugar a d\u00f3nde se traslad\u00f3 el personal de Protecci\u00f3n Civil municipal para brindar el auxilio necesario. &#8220;Aqu\u00ed lo que estamos haciendo es [&hellip;]<\/p>\n","protected":false},"author":2476,"featured_media":44247,"comment_status":"open","ping_status":"open","sticky":false,"template":"","format":"standard","meta":{"_jetpack_memberships_contains_paid_content":false,"footnotes":""},"categories":[2],"tags":[],"class_list":["post-44246","post","type-post","status-publish","format-standard","has-post-thumbnail","hentry","category-estado"],"jetpack_featured_media_url":"https:\/\/encuentroinformativo.com.mx\/wp-content\/uploads\/2023\/08\/IMG-20230824-WA0030.jpg","jetpack_sharing_enabled":true,"jetpack_likes_enabled":true,"amp_enabled":true,"_links":{"self":[{"href":"https:\/\/encuentroinformativo.com.mx\/index.php?rest_route=\/wp\/v2\/posts\/44246","targetHints":{"allow":["GET"]}}],"collection":[{"href":"https:\/\/encuentroinformativo.com.mx\/index.php?rest_route=\/wp\/v2\/posts"}],"about":[{"href":"https:\/\/encuentroinformativo.com.mx\/index.php?rest_route=\/wp\/v2\/types\/post"}],"author":[{"embeddable":true,"href":"https:\/\/encuentroinformativo.com.mx\/index.php?rest_route=\/wp\/v2\/users\/2476"}],"replies":[{"embeddable":true,"href":"https:\/\/encuentroinformativo.com.mx\/index.php?rest_route=%2Fwp%2Fv2%2Fcomments&post=44246"}],"version-history":[{"count":1,"href":"https:\/\/encuentroinformativo.com.mx\/index.php?rest_route=\/wp\/v2\/posts\/44246\/revisions"}],"predecessor-version":[{"id":44248,"href":"https:\/\/encuentroinformativo.com.mx\/index.php?rest_route=\/wp\/v2\/posts\/44246\/revisions\/44248"}],"wp:featuredmedia":[{"embeddable":true,"href":"https:\/\/encuentroinformativo.com.mx\/index.php?rest_route=\/wp\/v2\/media\/44247"}],"wp:attachment":[{"href":"https:\/\/encuentroinformativo.com.mx\/index.php?rest_route=%2Fwp%2Fv2%2Fmedia&parent=44246"}],"wp:term":[{"taxonomy":"category","embeddable":true,"href":"https:\/\/encuentroinformativo.com.mx\/index.php?rest_route=%2Fwp%2Fv2%2Fcategories&post=44246"},{"taxonomy":"post_tag","embeddable":true,"href":"https:\/\/encuentroinformativo.com.mx\/index.php?rest_route=%2Fwp%2Fv2%2Ftags&post=44246"}],"curies":[{"name":"wp","href":"https:\/\/api.w.org\/{rel}","templated":true}]}}