{"id":44258,"date":"2023-08-24T13:04:42","date_gmt":"2023-08-24T19:04:42","guid":{"rendered":"https:\/\/encuentroinformativo.com.mx\/?p=44258"},"modified":"2023-08-24T13:04:44","modified_gmt":"2023-08-24T19:04:44","slug":"movimiento-ciudadano-mas-fuerte-que-nunca-del-rio-virgen","status":"publish","type":"post","link":"https:\/\/encuentroinformativo.com.mx\/?p=44258","title":{"rendered":"Movimiento Ciudadano m\u00e1s fuerte que nunca: Del R\u00edo Virgen"},"content":{"rendered":"\n<p><strong>Eirinet G\u00f3mez<\/strong><\/p>\n\n\n\n<p>Xalapa, Ver.- Jos\u00e9 Manuel Del R\u00edo Virgen asegur\u00f3 que Movimiento Ciudadano est\u00e1 m\u00e1s fuerte que nunca, y \u201cque el di\u00e1logo y el debate de ideas mantendr\u00e1 el rumbo del movimiento de la alegr\u00eda\u201d.<\/p>\n\n\n\n<p>Las afirmaciones del secretario t\u00e9cnico del Senado de la Rep\u00fablica y cofundador de Movimiento Ciudadano tiene lugar en el contexto de una controversia al interior del partido naranja sobre si el partido debe sumarse al Frente Amplio por M\u00e9xico (confirmado por PRI, PAN, y PRD) o ir solos en la elecci\u00f3n del 2024.<\/p>\n\n\n\n<p>La discusi\u00f3n escal\u00f3 esta semana cuando el gobernador de Jalisco, Enrique Alfaro, di\u00f3 a conoce sus diferencias con Dante Delgado y anunci\u00f3 su distanciamiento.<\/p>\n\n\n\n<p>\u201cYo ya no tengo inter\u00e9s en participar en un proyecto que no entiendo\u201d, dijo.<\/p>\n\n\n\n<p>Y sus palabras pronto se vieron acompa\u00f1adas por un desplegado de diputados federales, locales y alcaldes de Jalisco que se\u00f1alan imposiciones desde la Ciudad de M\u00e9xico: \u201ceste movimiento se la juega con el gobernador y por Jalisco. A donde vayamos, caminaremos juntos\u201d.<\/p>\n\n\n\n<p>Desde Veracruz, Jos\u00e9 Manuel del R\u00edo Virgen ha salido al paso para expresar su respaldo al dirigente Dante Delgado y llamar al di\u00e1logo y el debate para mantener la unidad.<\/p>\n\n\n\n<p>\u201cLlevo m\u00e1s de 30 a\u00f1os caminando junto a @DanteDelgado, hemos afrontando y superando mucha adversidad, siempre con su atinada raz\u00f3n, esta vez no ser\u00e1 la excepci\u00f3n. Seguro estoy que el di\u00e1logo y el debate de ideas mantendr\u00e1 el rumbo del movimiento de la alegr\u00eda.<\/p>\n\n\n\n<p>Por mi parte seguir\u00e9 construyendo un mejor Veracruz con la seguridad de que MC es m\u00e1s fuerte que nunca\u201d, dijo a trav\u00e9s de un tuit.<\/p>\n","protected":false},"excerpt":{"rendered":"<p>Eirinet G\u00f3mez Xalapa, Ver.- Jos\u00e9 Manuel Del R\u00edo Virgen asegur\u00f3 que Movimiento Ciudadano est\u00e1 m\u00e1s fuerte que nunca, y \u201cque el di\u00e1logo y el debate de ideas mantendr\u00e1 el rumbo del movimiento de la alegr\u00eda\u201d. Las afirmaciones del secretario t\u00e9cnico del Senado de la Rep\u00fablica y cofundador de Movimiento Ciudadano tiene lugar en el contexto [&hellip;]<\/p>\n","protected":false},"author":2476,"featured_media":44259,"comment_status":"open","ping_status":"open","sticky":false,"template":"","format":"standard","meta":{"_jetpack_memberships_contains_paid_content":false,"footnotes":""},"categories":[2,12],"tags":[],"class_list":["post-44258","post","type-post","status-publish","format-standard","has-post-thumbnail","hentry","category-estado","category-nacional"],"jetpack_featured_media_url":"https:\/\/encuentroinformativo.com.mx\/wp-content\/uploads\/2023\/08\/FB_IMG_1692903478911.jpg","jetpack_sharing_enabled":true,"jetpack_likes_enabled":true,"amp_enabled":true,"_links":{"self":[{"href":"https:\/\/encuentroinformativo.com.mx\/index.php?rest_route=\/wp\/v2\/posts\/44258","targetHints":{"allow":["GET"]}}],"collection":[{"href":"https:\/\/encuentroinformativo.com.mx\/index.php?rest_route=\/wp\/v2\/posts"}],"about":[{"href":"https:\/\/encuentroinformativo.com.mx\/index.php?rest_route=\/wp\/v2\/types\/post"}],"author":[{"embeddable":true,"href":"https:\/\/encuentroinformativo.com.mx\/index.php?rest_route=\/wp\/v2\/users\/2476"}],"replies":[{"embeddable":true,"href":"https:\/\/encuentroinformativo.com.mx\/index.php?rest_route=%2Fwp%2Fv2%2Fcomments&post=44258"}],"version-history":[{"count":1,"href":"https:\/\/encuentroinformativo.com.mx\/index.php?rest_route=\/wp\/v2\/posts\/44258\/revisions"}],"predecessor-version":[{"id":44260,"href":"https:\/\/encuentroinformativo.com.mx\/index.php?rest_route=\/wp\/v2\/posts\/44258\/revisions\/44260"}],"wp:featuredmedia":[{"embeddable":true,"href":"https:\/\/encuentroinformativo.com.mx\/index.php?rest_route=\/wp\/v2\/media\/44259"}],"wp:attachment":[{"href":"https:\/\/encuentroinformativo.com.mx\/index.php?rest_route=%2Fwp%2Fv2%2Fmedia&parent=44258"}],"wp:term":[{"taxonomy":"category","embeddable":true,"href":"https:\/\/encuentroinformativo.com.mx\/index.php?rest_route=%2Fwp%2Fv2%2Fcategories&post=44258"},{"taxonomy":"post_tag","embeddable":true,"href":"https:\/\/encuentroinformativo.com.mx\/index.php?rest_route=%2Fwp%2Fv2%2Ftags&post=44258"}],"curies":[{"name":"wp","href":"https:\/\/api.w.org\/{rel}","templated":true}]}}