{"id":44264,"date":"2023-08-24T15:59:48","date_gmt":"2023-08-24T21:59:48","guid":{"rendered":"https:\/\/encuentroinformativo.com.mx\/?p=44264"},"modified":"2023-08-24T15:59:52","modified_gmt":"2023-08-24T21:59:52","slug":"protestan-estudiantes-por-recorte-de-becas-conahcyt","status":"publish","type":"post","link":"https:\/\/encuentroinformativo.com.mx\/?p=44264","title":{"rendered":"Protestan estudiantes por recorte de becas Conahcyt"},"content":{"rendered":"\n<p><strong>Dar\u00edo Pale <\/strong><\/p>\n\n\n\n<p>Xalapa, Ver.- Estudiantes de la Universidad Veracruzana (UV), marcharon de Rector\u00eda al Centro de Xalapa en protesta por el recorte de las becas a posgrados y est\u00e1n solicitando al Rector de la m\u00e1xima casa de estudios que los apoye y defienda las becas.<\/p>\n\n\n\n<p>Dieron a conocer que, &#8220;denunciamos que el Conahcyt no proporcion\u00f3 informaci\u00f3n clara ni oportuna acerca de la nueva dasificaci\u00f3n ni de los procesos de evaluaci\u00f3n que deb\u00edan seguir los posgrados. No se concedi\u00f3 suficiente tiempo a los programas para adecuarse a las nuevas normas antes de que se llevara a cabo el recorte&#8221;.<\/p>\n\n\n\n<p>&#8220;Resulta alarmante que a los distintos programas se les exigi\u00f3 enviar su documentaci\u00f3n de registro meses pasados, cuando las pr\u00f3ximas evaluaciones a los programas de posgrado estaban programadas hasta el a\u00f1o 2025, adem\u00e1s, la nueva ley que contiene los lineamientos de evaluaci\u00f3n tampoco fue publicada en el Diario Oficial de la Federaci\u00f3n de manera previa, y fue aplicada de manera retroactiva. Por lo que se nos ha informado, esta situaci\u00f3n se present\u00f3 sin haber comunicado de manera efectiva los nuevos criterios bajo los cuales los programas ser\u00edan evaluados&#8221;, comentaron.<\/p>\n\n\n\n<p>Por lo que hacen un llamado a la comunidad universitaria a los medios de comunicaci\u00f3n y a la sociedad en general a alzar la voz, para exigir la restituci\u00f3n de los recursos que ya estaban comprometidos para mantener la educaci\u00f3n y la investigaci\u00f3n en nuestro pa\u00eds en niveles \u00f3ptimos.\u00a0<\/p>\n\n\n\n<p>El investigador Rafael Vela Martinez se\u00f1al\u00f3 que esto afecta a los j\u00f3venes principalmente de familias de escasos recursos econ\u00f3micos ya que la becas variaban de los 10 mil a los 20 mil pesos con lo que pagaban sus cuotas.<\/p>\n\n\n\n<p>Por lo anterior est\u00e1n recomendando a las autoridades de la UV que hagan un amparo tal y como lo est\u00e1n haciendo los estudiantes y las autoridades universitarias est\u00e1n calladas ya que supuestamente est\u00e1n haciendo gestiones, ya que afectan a m\u00e1s de 500 becarios en el estado.\u00a0<\/p>\n\n\n\n<p>Por lo que solicitaron a las autoridades pertinentes reeval\u00faen y rectifiquen este proceso y se aseguren de garantizar la transparencia, la equidad y el respeto a los derechos de los estudiantes y profesores involucrados.<\/p>\n\n\n\n<p>&#8220;Tambi\u00e9n invitamos a la UV a reevalorar sus esfuerzos en posgrado, los posgrados actualmente se manejan en un esquema de cuotas de recuperaci\u00f3n, es decir, son autogestivos y dependen de sus propios ingresos para funcionar, se necesita un nuevo enfoque que destine recursos a los posgrados y un an\u00e1lisis de la pertinencia social de sus programas, as\u00ed como lo hace con las licenciaturas&#8221;, se\u00f1alaron.<\/p>\n\n\n\n<p>Finalmente se\u00f1alaron que esto involucra que se dise\u00f1e un sistema de becas, apoyos, y otras acciones positivas para reducir las brechas sociales en el acceso a la educaci\u00f3n de posgrado, lo cual es lo que pasa hoy con el Conahcyt.<\/p>\n","protected":false},"excerpt":{"rendered":"<p>Dar\u00edo Pale Xalapa, Ver.- Estudiantes de la Universidad Veracruzana (UV), marcharon de Rector\u00eda al Centro de Xalapa en protesta por el recorte de las becas a posgrados y est\u00e1n solicitando al Rector de la m\u00e1xima casa de estudios que los apoye y defienda las becas. Dieron a conocer que, &#8220;denunciamos que el Conahcyt no proporcion\u00f3 [&hellip;]<\/p>\n","protected":false},"author":2476,"featured_media":44265,"comment_status":"open","ping_status":"open","sticky":false,"template":"","format":"standard","meta":{"_jetpack_memberships_contains_paid_content":false,"footnotes":""},"categories":[2],"tags":[],"class_list":["post-44264","post","type-post","status-publish","format-standard","has-post-thumbnail","hentry","category-estado"],"jetpack_featured_media_url":"https:\/\/encuentroinformativo.com.mx\/wp-content\/uploads\/2023\/08\/IMG-20230824-WA0074.jpg","jetpack_sharing_enabled":true,"jetpack_likes_enabled":true,"amp_enabled":true,"_links":{"self":[{"href":"https:\/\/encuentroinformativo.com.mx\/index.php?rest_route=\/wp\/v2\/posts\/44264","targetHints":{"allow":["GET"]}}],"collection":[{"href":"https:\/\/encuentroinformativo.com.mx\/index.php?rest_route=\/wp\/v2\/posts"}],"about":[{"href":"https:\/\/encuentroinformativo.com.mx\/index.php?rest_route=\/wp\/v2\/types\/post"}],"author":[{"embeddable":true,"href":"https:\/\/encuentroinformativo.com.mx\/index.php?rest_route=\/wp\/v2\/users\/2476"}],"replies":[{"embeddable":true,"href":"https:\/\/encuentroinformativo.com.mx\/index.php?rest_route=%2Fwp%2Fv2%2Fcomments&post=44264"}],"version-history":[{"count":1,"href":"https:\/\/encuentroinformativo.com.mx\/index.php?rest_route=\/wp\/v2\/posts\/44264\/revisions"}],"predecessor-version":[{"id":44266,"href":"https:\/\/encuentroinformativo.com.mx\/index.php?rest_route=\/wp\/v2\/posts\/44264\/revisions\/44266"}],"wp:featuredmedia":[{"embeddable":true,"href":"https:\/\/encuentroinformativo.com.mx\/index.php?rest_route=\/wp\/v2\/media\/44265"}],"wp:attachment":[{"href":"https:\/\/encuentroinformativo.com.mx\/index.php?rest_route=%2Fwp%2Fv2%2Fmedia&parent=44264"}],"wp:term":[{"taxonomy":"category","embeddable":true,"href":"https:\/\/encuentroinformativo.com.mx\/index.php?rest_route=%2Fwp%2Fv2%2Fcategories&post=44264"},{"taxonomy":"post_tag","embeddable":true,"href":"https:\/\/encuentroinformativo.com.mx\/index.php?rest_route=%2Fwp%2Fv2%2Ftags&post=44264"}],"curies":[{"name":"wp","href":"https:\/\/api.w.org\/{rel}","templated":true}]}}