{"id":44267,"date":"2023-08-24T16:14:13","date_gmt":"2023-08-24T22:14:13","guid":{"rendered":"https:\/\/encuentroinformativo.com.mx\/?p=44267"},"modified":"2023-08-24T16:14:17","modified_gmt":"2023-08-24T22:14:17","slug":"guia-nuevo-proyecto-de-amanc-para-apadrinar-un-nino-con-cancer","status":"publish","type":"post","link":"https:\/\/encuentroinformativo.com.mx\/?p=44267","title":{"rendered":"&#8220;Gu\u00eda&#8221; nuevo proyecto de AMANC para apadrinar un ni\u00f1o con c\u00e1ncer"},"content":{"rendered":"\n<p><strong>Alejandro \u00c1vila<\/strong><\/p>\n\n\n\n<p>Boca del R\u00edo, Ver.- En pr\u00f3ximas fechas ser\u00e1 anunciado el proyecto Gu\u00eda, por parte de la Asociaci\u00f3n Mexicana de Ayuda a Ni\u00f1os con C\u00e1ncer (AMANC), con el cual la sociedad civil podr\u00e1 apadrinar a un peque\u00f1o durante sus tratamientos.<\/p>\n\n\n\n<p>Susana Lara Garc\u00eda, presidenta de AMANC Veracruz, mencion\u00f3 que al momento cuentan con 138 infantes, a los cuales les brindan apoyo en traslados, hospedaje y alimentaci\u00f3n, para que puedan continuar con sus tratamientos m\u00e9dicos.<\/p>\n\n\n\n<p>&#8220;Entonces, ellos podr\u00e1n escoger a que ni\u00f1os, como un tipo de apadrinamiento, pero le llamamos Gu\u00eda, en donde ellos, como ustedes saben, es un periodo de tiempo como tres cuatro a\u00f1os que ellos reciben quimioterapia, ellos decidir\u00e1n a quien apoyar, de que comunidad, para que ellos puedan venir, y con que monto de dinero pueden apoyar. O sea es algo opcional, y esa campa\u00f1a es para apoyarnos, para ayudarnos, porque como saben venimos saliendo de lo que es una pandemia y ahora si que los recursos son muy limitados y eso a nosotros pues nos afecta&#8221;, se\u00f1al\u00f3.<\/p>\n\n\n\n<p>En otro tema, Susana Garc\u00eda mencion\u00f3 que ya cuentan con una unidad dental dentro de las instalaciones de AMANC Veracruz, con la cual podr\u00e1n brindar servicios odontol\u00f3gicos a los peque\u00f1os y sus familiares.<\/p>\n\n\n\n<p>&#8220;Ahorita estamos estrenando una unidad dental ya en el albergue, ya est\u00e1 el consultorio donde se va a brindar ayuda no solo a los peque\u00f1os sino a toda la familia, que como ustedes saben son de escasos recursos que viene de otros municipios. Ya tuvimos un primer paciente que dijo que nunca hab\u00eda dado al dentista. Entonces, es muy importante para todos que la salud bucal en nuestros peque\u00f1os que est\u00e1n cursando por esta enfermedad est\u00e9 muy bien, porque cualquier infecci\u00f3n eso les puede afectar a ellos en lo que es su sangre&#8221;, remat\u00f3.<\/p>\n","protected":false},"excerpt":{"rendered":"<p>Alejandro \u00c1vila Boca del R\u00edo, Ver.- En pr\u00f3ximas fechas ser\u00e1 anunciado el proyecto Gu\u00eda, por parte de la Asociaci\u00f3n Mexicana de Ayuda a Ni\u00f1os con C\u00e1ncer (AMANC), con el cual la sociedad civil podr\u00e1 apadrinar a un peque\u00f1o durante sus tratamientos. Susana Lara Garc\u00eda, presidenta de AMANC Veracruz, mencion\u00f3 que al momento cuentan con 138 [&hellip;]<\/p>\n","protected":false},"author":2476,"featured_media":44268,"comment_status":"open","ping_status":"open","sticky":false,"template":"","format":"standard","meta":{"_jetpack_memberships_contains_paid_content":false,"footnotes":""},"categories":[9],"tags":[],"class_list":["post-44267","post","type-post","status-publish","format-standard","has-post-thumbnail","hentry","category-salud"],"jetpack_featured_media_url":"https:\/\/encuentroinformativo.com.mx\/wp-content\/uploads\/2023\/08\/IMG-20230824-WA00592.jpg","jetpack_sharing_enabled":true,"jetpack_likes_enabled":true,"amp_enabled":true,"_links":{"self":[{"href":"https:\/\/encuentroinformativo.com.mx\/index.php?rest_route=\/wp\/v2\/posts\/44267","targetHints":{"allow":["GET"]}}],"collection":[{"href":"https:\/\/encuentroinformativo.com.mx\/index.php?rest_route=\/wp\/v2\/posts"}],"about":[{"href":"https:\/\/encuentroinformativo.com.mx\/index.php?rest_route=\/wp\/v2\/types\/post"}],"author":[{"embeddable":true,"href":"https:\/\/encuentroinformativo.com.mx\/index.php?rest_route=\/wp\/v2\/users\/2476"}],"replies":[{"embeddable":true,"href":"https:\/\/encuentroinformativo.com.mx\/index.php?rest_route=%2Fwp%2Fv2%2Fcomments&post=44267"}],"version-history":[{"count":1,"href":"https:\/\/encuentroinformativo.com.mx\/index.php?rest_route=\/wp\/v2\/posts\/44267\/revisions"}],"predecessor-version":[{"id":44269,"href":"https:\/\/encuentroinformativo.com.mx\/index.php?rest_route=\/wp\/v2\/posts\/44267\/revisions\/44269"}],"wp:featuredmedia":[{"embeddable":true,"href":"https:\/\/encuentroinformativo.com.mx\/index.php?rest_route=\/wp\/v2\/media\/44268"}],"wp:attachment":[{"href":"https:\/\/encuentroinformativo.com.mx\/index.php?rest_route=%2Fwp%2Fv2%2Fmedia&parent=44267"}],"wp:term":[{"taxonomy":"category","embeddable":true,"href":"https:\/\/encuentroinformativo.com.mx\/index.php?rest_route=%2Fwp%2Fv2%2Fcategories&post=44267"},{"taxonomy":"post_tag","embeddable":true,"href":"https:\/\/encuentroinformativo.com.mx\/index.php?rest_route=%2Fwp%2Fv2%2Ftags&post=44267"}],"curies":[{"name":"wp","href":"https:\/\/api.w.org\/{rel}","templated":true}]}}