{"id":44270,"date":"2023-08-24T16:24:22","date_gmt":"2023-08-24T22:24:22","guid":{"rendered":"https:\/\/encuentroinformativo.com.mx\/?p=44270"},"modified":"2023-08-24T16:24:26","modified_gmt":"2023-08-24T22:24:26","slug":"sin-plantel-estudiantes-de-primaria-en-ixtaczoquitlan","status":"publish","type":"post","link":"https:\/\/encuentroinformativo.com.mx\/?p=44270","title":{"rendered":"Sin plantel estudiantes de primaria en Ixtaczoquitl\u00e1n"},"content":{"rendered":"\n<p><strong>Juan Arcos <\/strong><\/p>\n\n\n\n<p>Xalapa, Ver.- Los casi 400 alumnos de la escuela primaria \u201cBenito Ju\u00e1rez Garc\u00eda\u201d, ubicada en el municipio de Ixtaczoquitl\u00e1n, carecen de un espacio digno para el arranque del ciclo escolar 2023-2024, el pr\u00f3ximo lunes 28 de agosto.<\/p>\n\n\n\n<p>Los padres de familia denunciaron de manera an\u00f3nima que desde finales del a\u00f1o anterior se decidi\u00f3 que se llevara a cabo una obra de reconstrucci\u00f3n debido a que el plantel llevaba m\u00e1s de 100 a\u00f1os sin mantenimiento integral.<\/p>\n\n\n\n<p>Sin embargo, la empresa Cemag Construcciones, Excavaciones y Maquinaria del Golfo S. A. de C. V. no ha avanzado en la obra, pese a que recibi\u00f3 un anticipo del 50 por ciento del costo total, que corresponde a casi 4 millones de pesos.<\/p>\n\n\n\n<p>Hasta el momento, se desconoce el destino de dichos recursos econ\u00f3micos, pues no ha habido transparencia por parte de la constructora ni del alcalde de Ixtaczoquitl\u00e1n, Augusto Nah\u00fam \u00c1lvarez Pellico.<\/p>\n\n\n\n<p>\u201cEl problema viene cuando la empresa constructora no est\u00e1 trabajando, lo \u00fanico que han hecho es excavar y no ha hay absolutamente nada m\u00e1s de avance. Nadie sabe y nadie supo d\u00f3nde qued\u00f3 la bolita y qu\u00e9 se ha hecho con los millones de pesos autorizados\u201d, comentaron los quejosos.<\/p>\n\n\n\n<p>La escuela, con clave 30EPR11080, est\u00e1 sobre la Calzada Ruiz Galindo sin n\u00famero, entre Oriente 4 y 6, en la zona centro de dicha demarcaci\u00f3n, donde los alumnos solo tuvieron dos horas de clases diarias durante meses por la falta de espacios educativos.<\/p>\n\n\n\n<p>Existe la propuesta de que sea utilizado el edificio del jard\u00edn de ni\u00f1os \u201cLuisa Ben\u00edtez, que no se hab\u00eda ocupado, para los ni\u00f1os de primero y segundo grado de primaria; sin embargo, este plantel tambi\u00e9n carece de un dictamen actualizado de protecci\u00f3n civil.<\/p>\n\n\n\n<p>\u201cPorque el ayuntamiento de Ixtaczoquitl\u00e1n no contaba con la figura de un director de protecci\u00f3n civil hasta apenas hace unos d\u00edas, pero el alcalde Nahum \u00c1lvarez Pellico no ha recibido a los padres de familia ni a los docentes de la instituci\u00f3n para explicar qu\u00e9 se puede hacer\u201d.<\/p>\n\n\n\n<p>Esto ocurre a unos d\u00edas de que inicie el ciclo escolar, por lo que los padres de familia exigen la intervenci\u00f3n de las autoridades competentes para que sus hijos puedan continuar sus estudios en un espacio digno.<\/p>\n","protected":false},"excerpt":{"rendered":"<p>Juan Arcos Xalapa, Ver.- Los casi 400 alumnos de la escuela primaria \u201cBenito Ju\u00e1rez Garc\u00eda\u201d, ubicada en el municipio de Ixtaczoquitl\u00e1n, carecen de un espacio digno para el arranque del ciclo escolar 2023-2024, el pr\u00f3ximo lunes 28 de agosto. Los padres de familia denunciaron de manera an\u00f3nima que desde finales del a\u00f1o anterior se decidi\u00f3 [&hellip;]<\/p>\n","protected":false},"author":2476,"featured_media":44271,"comment_status":"open","ping_status":"open","sticky":false,"template":"","format":"standard","meta":{"_jetpack_memberships_contains_paid_content":false,"footnotes":""},"categories":[2],"tags":[],"class_list":["post-44270","post","type-post","status-publish","format-standard","has-post-thumbnail","hentry","category-estado"],"jetpack_featured_media_url":"https:\/\/encuentroinformativo.com.mx\/wp-content\/uploads\/2023\/08\/9296b06c-4bd2-403f-911a-413871cb5d68.jpg","jetpack_sharing_enabled":true,"jetpack_likes_enabled":true,"amp_enabled":true,"_links":{"self":[{"href":"https:\/\/encuentroinformativo.com.mx\/index.php?rest_route=\/wp\/v2\/posts\/44270","targetHints":{"allow":["GET"]}}],"collection":[{"href":"https:\/\/encuentroinformativo.com.mx\/index.php?rest_route=\/wp\/v2\/posts"}],"about":[{"href":"https:\/\/encuentroinformativo.com.mx\/index.php?rest_route=\/wp\/v2\/types\/post"}],"author":[{"embeddable":true,"href":"https:\/\/encuentroinformativo.com.mx\/index.php?rest_route=\/wp\/v2\/users\/2476"}],"replies":[{"embeddable":true,"href":"https:\/\/encuentroinformativo.com.mx\/index.php?rest_route=%2Fwp%2Fv2%2Fcomments&post=44270"}],"version-history":[{"count":1,"href":"https:\/\/encuentroinformativo.com.mx\/index.php?rest_route=\/wp\/v2\/posts\/44270\/revisions"}],"predecessor-version":[{"id":44272,"href":"https:\/\/encuentroinformativo.com.mx\/index.php?rest_route=\/wp\/v2\/posts\/44270\/revisions\/44272"}],"wp:featuredmedia":[{"embeddable":true,"href":"https:\/\/encuentroinformativo.com.mx\/index.php?rest_route=\/wp\/v2\/media\/44271"}],"wp:attachment":[{"href":"https:\/\/encuentroinformativo.com.mx\/index.php?rest_route=%2Fwp%2Fv2%2Fmedia&parent=44270"}],"wp:term":[{"taxonomy":"category","embeddable":true,"href":"https:\/\/encuentroinformativo.com.mx\/index.php?rest_route=%2Fwp%2Fv2%2Fcategories&post=44270"},{"taxonomy":"post_tag","embeddable":true,"href":"https:\/\/encuentroinformativo.com.mx\/index.php?rest_route=%2Fwp%2Fv2%2Ftags&post=44270"}],"curies":[{"name":"wp","href":"https:\/\/api.w.org\/{rel}","templated":true}]}}