{"id":44273,"date":"2023-08-24T17:48:26","date_gmt":"2023-08-24T23:48:26","guid":{"rendered":"https:\/\/encuentroinformativo.com.mx\/?p=44273"},"modified":"2023-08-24T17:48:30","modified_gmt":"2023-08-24T23:48:30","slug":"ante-acusaciones-upav-realizo-cambios-en-perote","status":"publish","type":"post","link":"https:\/\/encuentroinformativo.com.mx\/?p=44273","title":{"rendered":"Ante acusaciones, UPAV realiz\u00f3 cambios en Perote"},"content":{"rendered":"\n<p><strong>Dar\u00edo Pale <\/strong><\/p>\n\n\n\n<p>Xalapa, Ver.- El rector de la Universidad Popular Aut\u00f3noma de Veracruz (UPAV), Ome Tochtli M\u00e9ndez Ram\u00edrez, dio a conocer que a partir de que unas alumnas de Perote se quejaron de acoso realizaron cambios en dicha direcci\u00f3n por lo que el director est\u00e1 separado de su cargo.<\/p>\n\n\n\n<p>En entrevista se\u00f1al\u00f3 que, con respecto a la problematica que se ha sucitado en la sede Perote en la licenciatura de Derecho donde varias alumnas se han quejado de ser acosadas por el director de de dicha lincenciatura, se han realizado cambios en la direcci\u00f3n.<\/p>\n\n\n\n<p>Inform\u00f3 que el director esta separado de su cargo y se esta seguiendo legalmente todo el proceso ya que se les ha inviatdo a las personas afectadas que realicen su denuncia.<\/p>\n\n\n\n<p>Se\u00f1al\u00f3 que hay otro caso en las altas monta\u00f1as donde fueron violentados por una direcci\u00f3n solidaria, se ampararon y est\u00e1n en el proceso por lo que no pueden dar mucha informaci\u00f3n por lo que solo puede decir que solicitaron ser calificados, lo \u00fanico que est\u00e1n solicitando es que s\u00e9cate lo que por ley les solicite el juez.<\/p>\n\n\n\n<p>En otro orden de ideas en lo que se refiere al t\u00edtulo electr\u00f3nico coment\u00f3 que, esta desde abril del 2019, certificados y el acta protocolaria, pero a partir del 31 de mayo tienen ya el certificado de Bachillerato en electr\u00f3nico lo cual les ha facilitado mucho el trabajo ya que para el inicio del periodo todos pod\u00edan contar con su documentaci\u00f3n.<\/p>\n\n\n\n<p>Finalmente inform\u00f3 que del 31 de mayo a la fecha han entregado aproximadamente 6 mil certificados, no hay costo en la expedici\u00f3n de los certificados ya que siempre han sido gratuitos, pero si se reduce el papeleo.<\/p>\n","protected":false},"excerpt":{"rendered":"<p>Dar\u00edo Pale Xalapa, Ver.- El rector de la Universidad Popular Aut\u00f3noma de Veracruz (UPAV), Ome Tochtli M\u00e9ndez Ram\u00edrez, dio a conocer que a partir de que unas alumnas de Perote se quejaron de acoso realizaron cambios en dicha direcci\u00f3n por lo que el director est\u00e1 separado de su cargo. En entrevista se\u00f1al\u00f3 que, con respecto [&hellip;]<\/p>\n","protected":false},"author":2476,"featured_media":44274,"comment_status":"open","ping_status":"open","sticky":false,"template":"","format":"standard","meta":{"_jetpack_memberships_contains_paid_content":false,"footnotes":""},"categories":[8],"tags":[],"class_list":["post-44273","post","type-post","status-publish","format-standard","has-post-thumbnail","hentry","category-region"],"jetpack_featured_media_url":"https:\/\/encuentroinformativo.com.mx\/wp-content\/uploads\/2023\/08\/IMG-20230824-WA00872.jpg","jetpack_sharing_enabled":true,"jetpack_likes_enabled":true,"amp_enabled":true,"_links":{"self":[{"href":"https:\/\/encuentroinformativo.com.mx\/index.php?rest_route=\/wp\/v2\/posts\/44273","targetHints":{"allow":["GET"]}}],"collection":[{"href":"https:\/\/encuentroinformativo.com.mx\/index.php?rest_route=\/wp\/v2\/posts"}],"about":[{"href":"https:\/\/encuentroinformativo.com.mx\/index.php?rest_route=\/wp\/v2\/types\/post"}],"author":[{"embeddable":true,"href":"https:\/\/encuentroinformativo.com.mx\/index.php?rest_route=\/wp\/v2\/users\/2476"}],"replies":[{"embeddable":true,"href":"https:\/\/encuentroinformativo.com.mx\/index.php?rest_route=%2Fwp%2Fv2%2Fcomments&post=44273"}],"version-history":[{"count":1,"href":"https:\/\/encuentroinformativo.com.mx\/index.php?rest_route=\/wp\/v2\/posts\/44273\/revisions"}],"predecessor-version":[{"id":44275,"href":"https:\/\/encuentroinformativo.com.mx\/index.php?rest_route=\/wp\/v2\/posts\/44273\/revisions\/44275"}],"wp:featuredmedia":[{"embeddable":true,"href":"https:\/\/encuentroinformativo.com.mx\/index.php?rest_route=\/wp\/v2\/media\/44274"}],"wp:attachment":[{"href":"https:\/\/encuentroinformativo.com.mx\/index.php?rest_route=%2Fwp%2Fv2%2Fmedia&parent=44273"}],"wp:term":[{"taxonomy":"category","embeddable":true,"href":"https:\/\/encuentroinformativo.com.mx\/index.php?rest_route=%2Fwp%2Fv2%2Fcategories&post=44273"},{"taxonomy":"post_tag","embeddable":true,"href":"https:\/\/encuentroinformativo.com.mx\/index.php?rest_route=%2Fwp%2Fv2%2Ftags&post=44273"}],"curies":[{"name":"wp","href":"https:\/\/api.w.org\/{rel}","templated":true}]}}