{"id":44289,"date":"2023-08-25T09:37:40","date_gmt":"2023-08-25T15:37:40","guid":{"rendered":"https:\/\/encuentroinformativo.com.mx\/?p=44289"},"modified":"2023-08-25T09:39:47","modified_gmt":"2023-08-25T15:39:47","slug":"duelo-de-pelonas","status":"publish","type":"post","link":"https:\/\/encuentroinformativo.com.mx\/?p=44289","title":{"rendered":"DUELO DE PELONAS"},"content":{"rendered":"\n<p><strong>Columna Sin Nombre<br>@pablojair<\/strong><\/p>\n\n\n\n<ul class=\"wp-block-list\"><li>Roc\u00edo Nahle en Minatitl\u00e1n: firma convenio con Universidades.<\/li><li>\u00bfHabr\u00e1 estado c\u00f3modo en el presidium Manuel Huerta?<\/li><li>Cumbre Taj\u00edn, el mejor festival de M\u00e9xico en 2023<\/li><\/ul>\n\n\n\n<p>\u00bfNeta no han podido agarrar al loco que mat\u00f3 a su mam\u00e1 en Banderilla?<br>&#8211;Chopenjawer<\/p>\n\n\n\n<p>&#8220;\u00bfQu\u00e9 se cree esa pelona?&#8221; le gritaron a Homero Simpson cuando entr\u00f3 a un bar de lesbianas, vio que hab\u00eda algo raro y se dio cuenta que no ten\u00eda salida de emergencia\u2026<\/p>\n\n\n\n<p>&#8211;\u00a1Ah\u00ed se quedan en su trampa, chicas!<br>&#8211;\u00bfQu\u00e9 se cree esa pelona?- espet\u00f3 una parroquiana.<\/p>\n\n\n\n<p>&#8220;Pelona&#8221; tambi\u00e9n es una forma com\u00fan en M\u00e9xico para llamarle a la calva. Creativos como somos los mexicanos (los de la generaci\u00f3n que no se quejan por todo) otros apelativos son &#8220;cabeza de rodilla&#8221;, &#8220;bola de boliche&#8221;, &#8220;coco liso&#8221;, etc.<\/p>\n\n\n\n<p>Ahorita en la agenda nacional est\u00e1 un duelo de pol\u00edticos a nivel nacional, pero resulta que no es ni en Morena ni en ese monstruo de Frankenstein llamado PRIANRD. Es en Movimiento Ciudadano.<\/p>\n\n\n\n<p>Los protagonistas son el propietario del partido, Dante Delgado; y el gobernador de Jalisco, Enrique Alfaro. Conocidos tambi\u00e9n por lucir sus calvas con orgullo.<\/p>\n\n\n\n<p>Todo empez\u00f3 hace meses porque Dante, en calidad de due\u00f1o de MC, dijo que ni ma\u00edz, que nel-pastel, nada de alianza con los partidos viejitos del Frente; que van a participar solos en 2024 con sus propios candidatos.<\/p>\n\n\n\n<p>A lo mejor la chaviza de MC pens\u00f3 &#8220;Naaah, el viejito ahorita dice eso, pero al rato se le pasa&#8221;\u2026<\/p>\n\n\n\n<p>El problema es que nunca se le pas\u00f3 e insiste en que el partido naranja debe ir s\u00f3lo, lo que francamente le resta competitividad.<\/p>\n\n\n\n<p>Quienes conocen a Dante saben que est\u00e1 buscando vender caro su amor. Se hace del rogar, pero quiz\u00e1s cobra muy caro, pide las perlas de la Virgen, y de plano se dan cuenta que el alvarade\u00f1o se aprieta tanto que no le entra.<\/p>\n\n\n\n<p>Otros dicen que sus condiciones para entrarle a un bloque opositor, es que sean candidatos de MC, gente de su confianza.<\/p>\n\n\n\n<p>Dicho esto, terminan quedando fuera los del partido naranja con n\u00fameros bastante paup\u00e9rrimos, a excepci\u00f3n de Nuevo Le\u00f3n y Jalisco, los dos estados que gan\u00f3 y donde aparentemente tiene a sus mayores activos.<\/p>\n\n\n\n<p>Digo aparentemente, porque el gober ese raro de Nuevo Le\u00f3n, Samuel Garc\u00eda, parece tener una muy buena relaci\u00f3n con el presidente Andr\u00e9s Manuel L\u00f3pez Obrador que hasta parece &#8220;moreno&#8221; de ojos claritos. Otro activo del T\u00edo Dante es el junior del m\u00e1rtir pri\u00edsta, Luis Donaldo Colosio, pero que lo tiene condicionado a nada de hacer alianzas con el PRI.<\/p>\n\n\n\n<p>De hecho, se entiende que gran parte de las razones de Dante para no hacer alianzas es porque ser\u00eda una traici\u00f3n a su joyita Colosio Jr. Si se les ocurriera darle el s\u00ed al PRIANRD, ser\u00eda como hacer amistad con un de los partidos que est\u00e1 se\u00f1alado como el conspirador del magnicidio en Lomas Taurinas, en 1994. Esto har\u00eda que el joven alcalde de Monterrey, Luis Donaldo Colosio Riojas &#8211;quien adem\u00e1s es uno de los nombres con mayor peso en las encuestas presidenciales, con futuro&#8211; mandar\u00eda al carajo a los de MC.<\/p>\n\n\n\n<p>Pero el asunto es que finalmente lleg\u00f3 el choque generacional y fue desde la C\u00e1mara de Diputados donde le crecieron los enanos al alvarade\u00f1o que se dice cordob\u00e9s: un bloque de sus legisladores fue el que comenz\u00f3 a agitar las aguas pidiendo que MC se sume al Frente Opositor para ganarle a Morena.<\/p>\n\n\n\n<p>Pero esto tambi\u00e9n se entender\u00eda como la lucha por el poder en el partido naranja que se est\u00e1 gestando entre la guardia vieja que encabeza el t\u00edo Dante, y los j\u00f3venes que ya est\u00e1n viendo algo as\u00ed como una necesaria renovaci\u00f3n de ideas\u2026 y hasta de mando.<\/p>\n\n\n\n<p>El conflicto hab\u00eda escalado lentamente en las recientes semanas, hasta que hace unos d\u00edas el gobernador de Jalisco rompi\u00f3 brutalmente con Movimiento Ciudadano. Dijo que no pod\u00eda seguir adelante y el fondo era el mismo: la negativa de Dante para hacer alianza con el Frente Opositor. A eso se sumaron hasta varios actores naranjas en un desplegado que Dante minimiz\u00f3.<\/p>\n\n\n\n<p>Es curioso, pero faltar\u00eda ver si Alfaro realmente tiene el liderazgo para llevar esos supuestos votos de MC en Jalisco al Frente, como seguramente ya se los ofreci\u00f3 a X\u00f3chitl G\u00e1lvez, la virtual candidata de dicho bloque o por la que est\u00e1n pugnando los grupos de poder econ\u00f3mico.<\/p>\n\n\n\n<p>El asunto se torna interesante porque en encuestas recientes como las de Massive Caller, hay una ligera ventaja de Morena de alrededor de 5 puntos sobre MC y el PRIANRD en Jalisco. Si todos los de la oposici\u00f3n se aliaran, estar\u00edan arriba del partido lopezobradorista por m\u00e1s o menos 14 puntos.<\/p>\n\n\n\n<p>Aqu\u00ed podr\u00eda caber la posibilidad de que el &#8220;pleito&#8221; entre Dante y Alfaro sea un teatro para que no se enoje Colosito y se &#8220;mantenga&#8221; la palabra de no aliarse al partido que conspir\u00f3 contra su pap\u00e1, pero en los hechos s\u00ed se est\u00e9 operando para hacer un tener un buen triunfo de todos los partidos contra Morena en Jalisco y que se reflejar\u00eda, supuestamente, en la elecci\u00f3n federal de 2024.<\/p>\n\n\n\n<p>Jalisco, debe recordarse, es la tercera entidad con mayor votos en el pa\u00eds y ser\u00eda &#8211;tambi\u00e9n haciendo supositorio&#8211; el basti\u00f3n m\u00e1s fuerte de votos opositores para las elecciones federales. Las otras entidades con padrones m\u00e1s grandes son la Ciudad de M\u00e9xico, el Estado de M\u00e9xico y, la m\u00e1s bella: Veracruz.<\/p>\n\n\n\n<p>Edomex (como se comprob\u00f3 recientemente) ya es territorio Morena. Ojo: no estoy diciendo que sea un basti\u00f3n, pero seguramente los &#8220;morenos&#8221; no s\u00f3lo ganaron la elecci\u00f3n, sino que seguramente est\u00e1n operando para ya pintar de guinda el estado.<\/p>\n\n\n\n<p>Otro supositorio para ustedes: en una de esas hasta Alfredo del Mazo (al que varios pri\u00edstas acusan de no ayudar a la causa de la alianza y dejarse perder) ya tiene pacto con la c\u00fapula de la 4T en agradecimiento por no tocar a su primo el ex presidente Enrique Pe\u00f1a Nieto, o sencillamente porque no quiere que le auditen su gobierno\u2026 Ya se ver\u00e1\u2026<\/p>\n\n\n\n<p>El caso de CDMX es especial, porque un operador\/vividor pol\u00edtico eficaz es Ricardo Monreal, que se hace pasar como una persona leal a L\u00f3pez Obrador y a Morena, cuando en realidad apesta, hiede desde hace rato a naranja podrida.<\/p>\n\n\n\n<p>Al zacatecano varios &#8220;morenos&#8221; lo acusaron de operar en contra y hacer perder varias posiciones en la capital del pa\u00eds. En este sentido, hay que recordar que la CDMX est\u00e1 dividida en dos: la mitad de alcald\u00edas con Morena, las otras con la oposici\u00f3n.<\/p>\n\n\n\n<p>Es tambi\u00e9n muy visible su alianza con Dante Delgado y MC al grado de que hasta le aval\u00f3 en el Senado la &#8220;creaci\u00f3n&#8221; de una &#8220;comisi\u00f3n patito&#8221; para arremeter contra el gobernador de Veracruz, Cuitl\u00e1huac Garc\u00eda Jim\u00e9nez; misma que finalmente se desmantel\u00f3 por \u00f3rdenes del alto mando tabasque\u00f1o, operado por un tal Ad\u00e1n.<\/p>\n\n\n\n<p>Otro ejemplo de la cercan\u00eda de Dante con Monreal, es que Jos\u00e9 Manuel del R\u00edo Virgen fue secretario t\u00e9cnico del Senado, siendo brazo derecho tanto del &#8220;pelochas&#8221; como del &#8220;moreno naranja&#8221;.<\/p>\n\n\n\n<p>As\u00ed que si dejan operar a Monreal los votos de la oposici\u00f3n en la CDMX, sumados a los de MC en Jalisco, la elecci\u00f3n presidencial se pondr\u00eda, al parecer, intensa.<\/p>\n\n\n\n<p>Ac\u00e1 en la aldea, hace apenas unas horas, el diputado federal Pepe Yunes &#8211;en una entrevista para RadioTelevisi\u00f3n de Veracruz&#8211; destac\u00f3 al ex gobernador veracruzano como uno de los estrategas pol\u00edticos m\u00e1s completos. Hay versiones desde hace rato sobre que Dante ya tambi\u00e9n le habr\u00eda ofrecido su respaldo con MC, lo que en teor\u00eda volcar\u00eda los votos a favor del perote\u00f1o (m\u00e1s lo que sumen los dem\u00e1s partidos como el PAN, PRI y PRD) haciendo una falsa comparsa de llevar a un candidato propio en el estado.<\/p>\n\n\n\n<p>\u00bfY adivine qui\u00e9n ser\u00eda la botarga de esa farsa? Pues Jos\u00e9 Manuel del R\u00edo Virgen, a quien ya lo est\u00e1n placeando y haciendo disque aspirante serio hasta en entrevistas nacionales.<\/p>\n\n\n\n<p>Pero al final de cuentas, a lo mejor el pueblo veracruzano se da color de todo este entramado, y exclamar\u00edan como en ese bar que abandon\u00f3 Homero: &#8220;\u00bfQu\u00e9 se cree esa pelona?&#8221;.<\/p>\n\n\n\n<p><strong>NOTA PARA PEGAR EN EL REFRI: <\/strong>En la Comisi\u00f3n Federal de Electricidad y la Secretar\u00eda de Energ\u00eda se trabaja en la transici\u00f3n energ\u00e9tica y la educaci\u00f3n es prioridad para trazar el camino de la transformaci\u00f3n que es misi\u00f3n y visi\u00f3n de esta administraci\u00f3n encabezada por el presidente Andr\u00e9s Manuel L\u00f3pez Obrador, afirm\u00f3 la Secretaria de Energ\u00eda y presidenta del Consejo de Administraci\u00f3n de la Comisi\u00f3n Federal de Electricidad (CFE), Roc\u00edo Nahle Garc\u00eda\u2026 En el marco de la firma del Convenio CFE-Universidades del Bienestar &#8220;Benito Ju\u00e1rez Garc\u00eda&#8221; en el municipio de Minatitl\u00e1n, Nahle Garc\u00eda destac\u00f3 que los objetivos establecidos en materia energ\u00e9tica por este gobierno son claros y espec\u00edficos, dentro de ellos, implementar la innovaci\u00f3n tecnol\u00f3gica y las energ\u00edas limpias a trav\u00e9s de paneles solares, aerogeneradores y proyectos h\u00eddricos toda vez que en este \u00faltimo punto, la CFE est\u00e1 repotenciando todas las presas de M\u00e9xico\u2026 &#8220;Estos convenios son para eso, para que todos los j\u00f3venes tengan la oportunidad de hacer pr\u00e1cticas profesionales, se desarrollen y de posibilidad de integrarse a nuestra gran gran empresa el\u00e9ctrica, este es el objetivo, esto es lo que trabaja la Cuarta Transformaci\u00f3n, darle oportunidad a nuestros j\u00f3venes&#8221;, puntualiz\u00f3 la secretaria de Energ\u00eda.<\/p>\n\n\n\n<p><strong>OTRA NOTA:<\/strong> Quien posiblemente no estaba muy c\u00f3modo en el presidium del evento en Minatitl\u00e1n, era el super-delegado de los programas federales del Bienestar, Manuel Huerta Ladr\u00f3n de Guevara, con eso de que finalmente el evento era encabezado por Roc\u00edo Nahle y le quitaba los reflectores\u2026 Huerta, seg\u00fan muchos simpatizantes, tiene madera para ser abanderado de Morena a la gubernatura, lo que lo pondr\u00eda a disputar la candidatura con la tambi\u00e9n senadora por Veracruz\u2026 La otra es que quiz\u00e1s el propio delegado aprovecha el espacio como el de ayer en Mina para salir en la foto, porque en una de esas gana la candidatura al Senado qu\u00e9, en teor\u00eda, se merece m\u00e1s que varios por su historia de izquierda en Veracruz.<\/p>\n\n\n\n<p><strong>LA \u00daLTIMA PORQUE TENGO QUE VER ENTREVISTA DE LA MAESTRA ACELA: <\/strong>Luego de romper todos sus r\u00e9cords este a\u00f1o, con una asistencia de 713 mil 200 personas y una derrama superior a los 500 millones de pesos, el Festival de la Identidad, Cumbre Taj\u00edn, fue nombrado el Mejor Festival de M\u00e9xico en la gala MexBest de la revista Qui\u00e9n\u2026 Al recibir la placa alusiva en la ciudad de Puebla, el secretario de Turismo y Cultura, Iv\u00e1n Francisco Mart\u00ednez Olvera, expres\u00f3 que este logro se debe a las personas que dan vida a las tradiciones m\u00e1s arraigadas en la hospitalidad y gastronom\u00eda veracruzanas, as\u00ed como las pol\u00edticas p\u00fablicas encabezadas por el gobernador Cuitl\u00e1huac Garc\u00eda Jim\u00e9nez\u2026 &#8220;Continuamos haciendo historia; la Cumbre Taj\u00edn represent\u00f3 un importante legado en la conservaci\u00f3n y enaltecimiento de la cultura totonaca, lo que nos convirti\u00f3 en merecedores de tan importante premio, el de mayor reconocimiento en la industria tur\u00edstica de M\u00e9xico&#8221;, escribi\u00f3 en redes sociales.<\/p>\n","protected":false},"excerpt":{"rendered":"<p>Columna Sin Nombre@pablojair Roc\u00edo Nahle en Minatitl\u00e1n: firma convenio con Universidades. \u00bfHabr\u00e1 estado c\u00f3modo en el presidium Manuel Huerta? Cumbre Taj\u00edn, el mejor festival de M\u00e9xico en 2023 \u00bfNeta no han podido agarrar al loco que mat\u00f3 a su mam\u00e1 en Banderilla?&#8211;Chopenjawer &#8220;\u00bfQu\u00e9 se cree esa pelona?&#8221; le gritaron a Homero Simpson cuando entr\u00f3 a [&hellip;]<\/p>\n","protected":false},"author":2476,"featured_media":488,"comment_status":"open","ping_status":"open","sticky":false,"template":"","format":"standard","meta":{"_jetpack_memberships_contains_paid_content":false,"footnotes":""},"categories":[11],"tags":[],"class_list":["post-44289","post","type-post","status-publish","format-standard","has-post-thumbnail","hentry","category-opinion"],"jetpack_featured_media_url":"https:\/\/encuentroinformativo.com.mx\/wp-content\/uploads\/2020\/03\/F471F608-BA1A-416B-BA7B-BCFB24F4E6D0.jpeg","jetpack_sharing_enabled":true,"jetpack_likes_enabled":true,"amp_enabled":true,"_links":{"self":[{"href":"https:\/\/encuentroinformativo.com.mx\/index.php?rest_route=\/wp\/v2\/posts\/44289","targetHints":{"allow":["GET"]}}],"collection":[{"href":"https:\/\/encuentroinformativo.com.mx\/index.php?rest_route=\/wp\/v2\/posts"}],"about":[{"href":"https:\/\/encuentroinformativo.com.mx\/index.php?rest_route=\/wp\/v2\/types\/post"}],"author":[{"embeddable":true,"href":"https:\/\/encuentroinformativo.com.mx\/index.php?rest_route=\/wp\/v2\/users\/2476"}],"replies":[{"embeddable":true,"href":"https:\/\/encuentroinformativo.com.mx\/index.php?rest_route=%2Fwp%2Fv2%2Fcomments&post=44289"}],"version-history":[{"count":1,"href":"https:\/\/encuentroinformativo.com.mx\/index.php?rest_route=\/wp\/v2\/posts\/44289\/revisions"}],"predecessor-version":[{"id":44290,"href":"https:\/\/encuentroinformativo.com.mx\/index.php?rest_route=\/wp\/v2\/posts\/44289\/revisions\/44290"}],"wp:featuredmedia":[{"embeddable":true,"href":"https:\/\/encuentroinformativo.com.mx\/index.php?rest_route=\/wp\/v2\/media\/488"}],"wp:attachment":[{"href":"https:\/\/encuentroinformativo.com.mx\/index.php?rest_route=%2Fwp%2Fv2%2Fmedia&parent=44289"}],"wp:term":[{"taxonomy":"category","embeddable":true,"href":"https:\/\/encuentroinformativo.com.mx\/index.php?rest_route=%2Fwp%2Fv2%2Fcategories&post=44289"},{"taxonomy":"post_tag","embeddable":true,"href":"https:\/\/encuentroinformativo.com.mx\/index.php?rest_route=%2Fwp%2Fv2%2Ftags&post=44289"}],"curies":[{"name":"wp","href":"https:\/\/api.w.org\/{rel}","templated":true}]}}