{"id":4430,"date":"2020-07-27T12:29:08","date_gmt":"2020-07-27T17:29:08","guid":{"rendered":"https:\/\/encuentroinformativo.com\/?p=4430"},"modified":"2020-07-27T12:29:10","modified_gmt":"2020-07-27T17:29:10","slug":"insistiran-corredores-en-reapertura-de-parques","status":"publish","type":"post","link":"https:\/\/encuentroinformativo.com.mx\/?p=4430","title":{"rendered":"Insistir\u00e1n corredores en reapertura de parques"},"content":{"rendered":"\n<p><strong>Dar\u00edo Pale <\/strong><\/p>\n\n\n\n<p>Xalapa, Ver.- Corredores e integrantes de asociaciones civiles y ambientalistas nuevamente expondr\u00e1n al Ayuntamiento la propuesta de reapertura del Parque Natura, ya que insisten en que sean reabiertos los parques y \u00e1reas verdes de Xalapa para la recreaci\u00f3n y actividad f\u00edsica de la poblaci\u00f3n.<\/p>\n\n\n\n<p>Sergio Humberto Aguilar, del Patronato del Parque Ecol\u00f3gico Macuilt\u00e9petl \u00a0adelant\u00f3 que el presidente municipal Hip\u00f3lito Rodr\u00edguez Herrero y la mayor\u00eda de los regidores del partido Morena &#8220;est\u00e1n a favor de que se empiecen a reabrir los parques, con las medidas necesarias&#8221;.<\/p>\n\n\n\n<p>Solicitan que se reabra el Parque El Haya, el Parque Ecol\u00f3gico Macuilt\u00e9petl y el \u00c1rea Ecol\u00f3gica de la Unidad Ferrocarrilera, as\u00ed como el \u00e1rea verde ubicada en la colonia Sumidero que pertenece al \u00c1rea Archipi\u00e9lagos y Bosques de Xalapa.<\/p>\n\n\n\n<p>Expuso que la intenci\u00f3n es que la poblaci\u00f3n de esta capital use estas \u00e1reas como sitios de esparcimiento y favorezcan su salud, disminuyendo el estr\u00e9s a trav\u00e9s del contacto con la naturaleza y la actividad f\u00edsica en espacios abiertos.<\/p>\n\n\n\n<p>Finalmente dieron a conocer que estos espacios fueron cerrados como medida sanitaria para prevenir contagios de coronavirus, tras un acuerdo de Cabildo el pasado 31 de marzo.<\/p>\n\n\n\n<p><\/p>\n","protected":false},"excerpt":{"rendered":"<p>Dar\u00edo Pale Xalapa, Ver.- Corredores e integrantes de asociaciones civiles y ambientalistas nuevamente expondr\u00e1n al Ayuntamiento la propuesta de reapertura del Parque Natura, ya que insisten en que sean reabiertos los parques y \u00e1reas verdes de Xalapa para la recreaci\u00f3n y actividad f\u00edsica de la poblaci\u00f3n. Sergio Humberto Aguilar, del Patronato del Parque Ecol\u00f3gico Macuilt\u00e9petl [&hellip;]<\/p>\n","protected":false},"author":1,"featured_media":4431,"comment_status":"open","ping_status":"open","sticky":false,"template":"","format":"standard","meta":{"_jetpack_memberships_contains_paid_content":false,"footnotes":""},"categories":[3],"tags":[],"class_list":["post-4430","post","type-post","status-publish","format-standard","has-post-thumbnail","hentry","category-xalapa"],"jetpack_featured_media_url":"https:\/\/encuentroinformativo.com.mx\/wp-content\/uploads\/2020\/07\/B2AE546C-DE0B-4B60-9FDF-C3D80C60A6F1.jpeg","jetpack_sharing_enabled":true,"jetpack_likes_enabled":true,"amp_enabled":true,"_links":{"self":[{"href":"https:\/\/encuentroinformativo.com.mx\/index.php?rest_route=\/wp\/v2\/posts\/4430","targetHints":{"allow":["GET"]}}],"collection":[{"href":"https:\/\/encuentroinformativo.com.mx\/index.php?rest_route=\/wp\/v2\/posts"}],"about":[{"href":"https:\/\/encuentroinformativo.com.mx\/index.php?rest_route=\/wp\/v2\/types\/post"}],"author":[{"embeddable":true,"href":"https:\/\/encuentroinformativo.com.mx\/index.php?rest_route=\/wp\/v2\/users\/1"}],"replies":[{"embeddable":true,"href":"https:\/\/encuentroinformativo.com.mx\/index.php?rest_route=%2Fwp%2Fv2%2Fcomments&post=4430"}],"version-history":[{"count":1,"href":"https:\/\/encuentroinformativo.com.mx\/index.php?rest_route=\/wp\/v2\/posts\/4430\/revisions"}],"predecessor-version":[{"id":4432,"href":"https:\/\/encuentroinformativo.com.mx\/index.php?rest_route=\/wp\/v2\/posts\/4430\/revisions\/4432"}],"wp:featuredmedia":[{"embeddable":true,"href":"https:\/\/encuentroinformativo.com.mx\/index.php?rest_route=\/wp\/v2\/media\/4431"}],"wp:attachment":[{"href":"https:\/\/encuentroinformativo.com.mx\/index.php?rest_route=%2Fwp%2Fv2%2Fmedia&parent=4430"}],"wp:term":[{"taxonomy":"category","embeddable":true,"href":"https:\/\/encuentroinformativo.com.mx\/index.php?rest_route=%2Fwp%2Fv2%2Fcategories&post=4430"},{"taxonomy":"post_tag","embeddable":true,"href":"https:\/\/encuentroinformativo.com.mx\/index.php?rest_route=%2Fwp%2Fv2%2Ftags&post=4430"}],"curies":[{"name":"wp","href":"https:\/\/api.w.org\/{rel}","templated":true}]}}