{"id":44301,"date":"2023-08-25T13:11:28","date_gmt":"2023-08-25T19:11:28","guid":{"rendered":"https:\/\/encuentroinformativo.com.mx\/?p=44301"},"modified":"2023-08-25T13:12:48","modified_gmt":"2023-08-25T19:12:48","slug":"diputada-sigue-en-espera-de-medidas-cautelares-por-violencia-politica","status":"publish","type":"post","link":"https:\/\/encuentroinformativo.com.mx\/?p=44301","title":{"rendered":"Diputada sigue en espera de medidas cautelares por violencia pol\u00edtica"},"content":{"rendered":"\n<p><strong>Dar\u00edo Pale <\/strong><\/p>\n\n\n\n<p>Xalapa, Ver.- La diputada local de Movimiento Ciudadano, Ruth Callejas Rold\u00e1n dio a conocer que la Sala Superior tiene un gran reto ya que el funcionario p\u00fablico que denunci\u00f3 ser\u00eda el encargado de implementar las medidas cautelares.<\/p>\n\n\n\n<p>En entrevista sobre la violencia que sufri\u00f3 por un funcionario coment\u00f3 que, est\u00e1n esperando que se resuelva el Procedimiento Especial Sancionador (PES), en el Tribunal Electoral de Veracruz (TEV), y espera que pronto se resuelva.<\/p>\n\n\n\n<p>Adem\u00e1s est\u00e1n esperando que en la sala superior se resuelva la impugnaci\u00f3n sobre medidas cautelares, lo cual es algo muy &#8220;tortuoso&#8221; ya que cualquier v\u00edctima de cualquier delito de violencia que este en la Ley de las mujeres a una vida libre de violencia por oficio la autoridad al conocerlo debe de de otorgar las medidas cautelares de protecci\u00f3n.<\/p>\n\n\n\n<p>&#8220;Nosotros las pedimos desde este proceso y han sido impugnadas una porque la comisi\u00f3n de quejas del Organismo P\u00fablico Local, sancion\u00f3 a los medios en lugar de sancionar al servidor p\u00fablico no, entonces nosotros no pedimos que se sancionar\u00e1n a los medios si no que se otorgar\u00e1n las medidas cautelares que dejara de revictimizarme &nbsp;y de hacer declaraciones y bueno vemos que hay una desigualdad&#8221;, se\u00f1al\u00f3.<\/p>\n\n\n\n<p>Son dos poderes aut\u00f3nomos el ejecutivo y el legislativo, hay una desigualdad ya que el ejecutivo maneja recursos p\u00fablicos y tiene a su disposici\u00f3n secretar\u00edas y algo que a ellos les llama mucho la atenci\u00f3n y no s\u00f3lo en su caso si no que puede pasar con alguien m\u00e1s por lo que deben dejar un precedente en los tribunales y en en las salas regionales del pa\u00eds las mujeres seguir\u00e1n indefensas.&nbsp;<\/p>\n\n\n\n<p>&#8220;Las medidas cautelares son implementadas por el Centro de Justicia para las Mujeres, la Fiscal\u00eda y el Instituto Veracruzano de la Mujer, y que pasa cuando el agresor es quien tiene que implementar las medidas cautelares el chiste se cuenta solo mejor que no nos protejan&#8221;, coment\u00f3.<\/p>\n\n\n\n<p>Lo anterior es un reto que tiene la sala superior ya que es algo que tiene que tomar en cuenta porque el funcionario p\u00fablico que denunci\u00f3 ser\u00eda el encargado de implementar las medidas cautelares por lo que puede existir un conflicto de intereses y lejos de estar protegiendo podr\u00edan llegar a otras cosas y no s\u00f3lo en su caso si no que pude pasar con cualquier otra mujer, ya llevan 276 d\u00edas peleando las medidas cautelares y de protecci\u00f3n.<\/p>\n","protected":false},"excerpt":{"rendered":"<p>Dar\u00edo Pale Xalapa, Ver.- La diputada local de Movimiento Ciudadano, Ruth Callejas Rold\u00e1n dio a conocer que la Sala Superior tiene un gran reto ya que el funcionario p\u00fablico que denunci\u00f3 ser\u00eda el encargado de implementar las medidas cautelares. En entrevista sobre la violencia que sufri\u00f3 por un funcionario coment\u00f3 que, est\u00e1n esperando que se [&hellip;]<\/p>\n","protected":false},"author":2476,"featured_media":44304,"comment_status":"open","ping_status":"open","sticky":false,"template":"","format":"standard","meta":{"_jetpack_memberships_contains_paid_content":false,"footnotes":""},"categories":[2],"tags":[],"class_list":["post-44301","post","type-post","status-publish","format-standard","has-post-thumbnail","hentry","category-estado"],"jetpack_featured_media_url":"https:\/\/encuentroinformativo.com.mx\/wp-content\/uploads\/2023\/08\/IMG-20230825-WA00352.jpg","jetpack_sharing_enabled":true,"jetpack_likes_enabled":true,"amp_enabled":true,"_links":{"self":[{"href":"https:\/\/encuentroinformativo.com.mx\/index.php?rest_route=\/wp\/v2\/posts\/44301","targetHints":{"allow":["GET"]}}],"collection":[{"href":"https:\/\/encuentroinformativo.com.mx\/index.php?rest_route=\/wp\/v2\/posts"}],"about":[{"href":"https:\/\/encuentroinformativo.com.mx\/index.php?rest_route=\/wp\/v2\/types\/post"}],"author":[{"embeddable":true,"href":"https:\/\/encuentroinformativo.com.mx\/index.php?rest_route=\/wp\/v2\/users\/2476"}],"replies":[{"embeddable":true,"href":"https:\/\/encuentroinformativo.com.mx\/index.php?rest_route=%2Fwp%2Fv2%2Fcomments&post=44301"}],"version-history":[{"count":2,"href":"https:\/\/encuentroinformativo.com.mx\/index.php?rest_route=\/wp\/v2\/posts\/44301\/revisions"}],"predecessor-version":[{"id":44305,"href":"https:\/\/encuentroinformativo.com.mx\/index.php?rest_route=\/wp\/v2\/posts\/44301\/revisions\/44305"}],"wp:featuredmedia":[{"embeddable":true,"href":"https:\/\/encuentroinformativo.com.mx\/index.php?rest_route=\/wp\/v2\/media\/44304"}],"wp:attachment":[{"href":"https:\/\/encuentroinformativo.com.mx\/index.php?rest_route=%2Fwp%2Fv2%2Fmedia&parent=44301"}],"wp:term":[{"taxonomy":"category","embeddable":true,"href":"https:\/\/encuentroinformativo.com.mx\/index.php?rest_route=%2Fwp%2Fv2%2Fcategories&post=44301"},{"taxonomy":"post_tag","embeddable":true,"href":"https:\/\/encuentroinformativo.com.mx\/index.php?rest_route=%2Fwp%2Fv2%2Ftags&post=44301"}],"curies":[{"name":"wp","href":"https:\/\/api.w.org\/{rel}","templated":true}]}}