{"id":44315,"date":"2023-08-25T14:26:26","date_gmt":"2023-08-25T20:26:26","guid":{"rendered":"https:\/\/encuentroinformativo.com.mx\/?p=44315"},"modified":"2023-08-25T14:26:29","modified_gmt":"2023-08-25T20:26:29","slug":"se-reforzo-seguridad-en-poza-rica-afirma-gobernador","status":"publish","type":"post","link":"https:\/\/encuentroinformativo.com.mx\/?p=44315","title":{"rendered":"Se reforz\u00f3 seguridad en Poza Rica, afirma Gobernador"},"content":{"rendered":"\n<p><strong>Dar\u00edo Pale <\/strong><\/p>\n\n\n\n<p>Xalapa, Ver.- En el municipio de Poza Rica ya est\u00e1n trabajando para reforzar el tema de seguridad y que el estado va &#8220;bastante bien&#8221;, pero siguen sin identificar los cuerpos encontrados en dicho municipio, as\u00ed lo se\u00f1al\u00f3 el gobernador del estado Cuitl\u00e1huac Garc\u00eda Jim\u00e9nez.<\/p>\n\n\n\n<p>Entrevistado a su arribo al Congreso del Estado, previo a la entrega de la medalla Heberto Castillo Mart\u00ednez, coment\u00f3 que en el municipio de Poza Rica ya se est\u00e1 trabajando para reforzar el tema de la seguridad, \u201cyo estoy sobre el tema de la seguridad y ah\u00ed vamos bastante bien\u201d.<\/p>\n\n\n\n<p>Se\u00f1al\u00f3 que no le han brindado mayor informaci\u00f3n sobre la identificaci\u00f3n de los restos de las v\u00edctimas encontradas en dos casas de seguridad en el municipio de Poza Rica.\u00a0<\/p>\n\n\n\n<p>Resalt\u00f3 que corresponde a la Fiscal\u00eda General del Estado realizar el trabajo de identificaci\u00f3n de los cuerpos y la fiscal se encargar\u00e1 de darlos a conocer.\u00a0<\/p>\n\n\n\n<p>Finalmente se\u00f1al\u00f3 que, \u201cno, mi tarea es el tema de la seguridad, la identificaci\u00f3n le corresponde a la Fiscal\u00eda\u201d.<\/p>\n","protected":false},"excerpt":{"rendered":"<p>Dar\u00edo Pale Xalapa, Ver.- En el municipio de Poza Rica ya est\u00e1n trabajando para reforzar el tema de seguridad y que el estado va &#8220;bastante bien&#8221;, pero siguen sin identificar los cuerpos encontrados en dicho municipio, as\u00ed lo se\u00f1al\u00f3 el gobernador del estado Cuitl\u00e1huac Garc\u00eda Jim\u00e9nez. Entrevistado a su arribo al Congreso del Estado, previo [&hellip;]<\/p>\n","protected":false},"author":2476,"featured_media":44316,"comment_status":"open","ping_status":"open","sticky":false,"template":"","format":"standard","meta":{"_jetpack_memberships_contains_paid_content":false,"footnotes":""},"categories":[2],"tags":[],"class_list":["post-44315","post","type-post","status-publish","format-standard","has-post-thumbnail","hentry","category-estado"],"jetpack_featured_media_url":"https:\/\/encuentroinformativo.com.mx\/wp-content\/uploads\/2023\/08\/IMG-20230825-WA00422.jpg","jetpack_sharing_enabled":true,"jetpack_likes_enabled":true,"amp_enabled":true,"_links":{"self":[{"href":"https:\/\/encuentroinformativo.com.mx\/index.php?rest_route=\/wp\/v2\/posts\/44315","targetHints":{"allow":["GET"]}}],"collection":[{"href":"https:\/\/encuentroinformativo.com.mx\/index.php?rest_route=\/wp\/v2\/posts"}],"about":[{"href":"https:\/\/encuentroinformativo.com.mx\/index.php?rest_route=\/wp\/v2\/types\/post"}],"author":[{"embeddable":true,"href":"https:\/\/encuentroinformativo.com.mx\/index.php?rest_route=\/wp\/v2\/users\/2476"}],"replies":[{"embeddable":true,"href":"https:\/\/encuentroinformativo.com.mx\/index.php?rest_route=%2Fwp%2Fv2%2Fcomments&post=44315"}],"version-history":[{"count":1,"href":"https:\/\/encuentroinformativo.com.mx\/index.php?rest_route=\/wp\/v2\/posts\/44315\/revisions"}],"predecessor-version":[{"id":44317,"href":"https:\/\/encuentroinformativo.com.mx\/index.php?rest_route=\/wp\/v2\/posts\/44315\/revisions\/44317"}],"wp:featuredmedia":[{"embeddable":true,"href":"https:\/\/encuentroinformativo.com.mx\/index.php?rest_route=\/wp\/v2\/media\/44316"}],"wp:attachment":[{"href":"https:\/\/encuentroinformativo.com.mx\/index.php?rest_route=%2Fwp%2Fv2%2Fmedia&parent=44315"}],"wp:term":[{"taxonomy":"category","embeddable":true,"href":"https:\/\/encuentroinformativo.com.mx\/index.php?rest_route=%2Fwp%2Fv2%2Fcategories&post=44315"},{"taxonomy":"post_tag","embeddable":true,"href":"https:\/\/encuentroinformativo.com.mx\/index.php?rest_route=%2Fwp%2Fv2%2Ftags&post=44315"}],"curies":[{"name":"wp","href":"https:\/\/api.w.org\/{rel}","templated":true}]}}