{"id":44324,"date":"2023-08-25T15:29:06","date_gmt":"2023-08-25T21:29:06","guid":{"rendered":"https:\/\/encuentroinformativo.com.mx\/?p=44324"},"modified":"2023-08-25T15:29:10","modified_gmt":"2023-08-25T21:29:10","slug":"en-sesion-solemne-protestan-padres-contra-libros-de-texto","status":"publish","type":"post","link":"https:\/\/encuentroinformativo.com.mx\/?p=44324","title":{"rendered":"En sesi\u00f3n solemne, protestan padres contra libros de texto"},"content":{"rendered":"\n<p><strong>Dar\u00edo Pale <\/strong><\/p>\n\n\n\n<p>Xalapa, Ver.- Integrantes de la Uni\u00f3n Nacional de Padres de Familia del Estado de Veracruz se le manifiestan al gobernador contra los libros de texto, durante la sesi\u00f3n en el Congreso del Estado en la entrega de la medalla Heberto Castillo Mart\u00ednez.\u00a0<\/p>\n\n\n\n<p>Los manifestantes esperaron a que el mandatario estatal se parara en el pleno para dar su discurso, para levantarse y sacar sus pancartas en contra de los libros de texto.\u00a0<\/p>\n\n\n\n<p>Algunos de las leyendas que se pod\u00edan leer en sus cartulinas son \u201cEducaci\u00f3n laica, no a la ideolog\u00eda\u201d, \u201cNo a libros mal hechos\u201d, \u201cEducaci\u00f3n si, ideolog\u00eda no, mentiras no\u201d, \u201cNo a la hipersexualizaci\u00f3n infantil\u201d.<\/p>\n\n\n\n<p>El grupo de la UNPF era peque\u00f1o, por lo que se lograron colar en la sesi\u00f3n solemne pese a la seguridad que hab\u00eda en el recinto.<\/p>\n\n\n\n<p>Por \u00faltimo cabe se\u00f1alar que no lanzaron consignas solo se manifestaron en silencio con sus pancartas, y pese a ello no fueron atendidos por ninguna autoridad al finalizar el evento.<\/p>\n","protected":false},"excerpt":{"rendered":"<p>Dar\u00edo Pale Xalapa, Ver.- Integrantes de la Uni\u00f3n Nacional de Padres de Familia del Estado de Veracruz se le manifiestan al gobernador contra los libros de texto, durante la sesi\u00f3n en el Congreso del Estado en la entrega de la medalla Heberto Castillo Mart\u00ednez.\u00a0 Los manifestantes esperaron a que el mandatario estatal se parara en [&hellip;]<\/p>\n","protected":false},"author":2476,"featured_media":44325,"comment_status":"open","ping_status":"open","sticky":false,"template":"","format":"standard","meta":{"_jetpack_memberships_contains_paid_content":false,"footnotes":""},"categories":[2],"tags":[],"class_list":["post-44324","post","type-post","status-publish","format-standard","has-post-thumbnail","hentry","category-estado"],"jetpack_featured_media_url":"https:\/\/encuentroinformativo.com.mx\/wp-content\/uploads\/2023\/08\/IMG-20230825-WA0054.jpg","jetpack_sharing_enabled":true,"jetpack_likes_enabled":true,"amp_enabled":true,"_links":{"self":[{"href":"https:\/\/encuentroinformativo.com.mx\/index.php?rest_route=\/wp\/v2\/posts\/44324","targetHints":{"allow":["GET"]}}],"collection":[{"href":"https:\/\/encuentroinformativo.com.mx\/index.php?rest_route=\/wp\/v2\/posts"}],"about":[{"href":"https:\/\/encuentroinformativo.com.mx\/index.php?rest_route=\/wp\/v2\/types\/post"}],"author":[{"embeddable":true,"href":"https:\/\/encuentroinformativo.com.mx\/index.php?rest_route=\/wp\/v2\/users\/2476"}],"replies":[{"embeddable":true,"href":"https:\/\/encuentroinformativo.com.mx\/index.php?rest_route=%2Fwp%2Fv2%2Fcomments&post=44324"}],"version-history":[{"count":1,"href":"https:\/\/encuentroinformativo.com.mx\/index.php?rest_route=\/wp\/v2\/posts\/44324\/revisions"}],"predecessor-version":[{"id":44326,"href":"https:\/\/encuentroinformativo.com.mx\/index.php?rest_route=\/wp\/v2\/posts\/44324\/revisions\/44326"}],"wp:featuredmedia":[{"embeddable":true,"href":"https:\/\/encuentroinformativo.com.mx\/index.php?rest_route=\/wp\/v2\/media\/44325"}],"wp:attachment":[{"href":"https:\/\/encuentroinformativo.com.mx\/index.php?rest_route=%2Fwp%2Fv2%2Fmedia&parent=44324"}],"wp:term":[{"taxonomy":"category","embeddable":true,"href":"https:\/\/encuentroinformativo.com.mx\/index.php?rest_route=%2Fwp%2Fv2%2Fcategories&post=44324"},{"taxonomy":"post_tag","embeddable":true,"href":"https:\/\/encuentroinformativo.com.mx\/index.php?rest_route=%2Fwp%2Fv2%2Ftags&post=44324"}],"curies":[{"name":"wp","href":"https:\/\/api.w.org\/{rel}","templated":true}]}}