{"id":44327,"date":"2023-08-25T13:35:20","date_gmt":"2023-08-25T19:35:20","guid":{"rendered":"https:\/\/encuentroinformativo.com.mx\/?p=44327"},"modified":"2023-08-25T15:36:18","modified_gmt":"2023-08-25T21:36:18","slug":"reubicaran-tranvias-turisticos-en-veracruz-puerto","status":"publish","type":"post","link":"https:\/\/encuentroinformativo.com.mx\/?p=44327","title":{"rendered":"Reubicar\u00e1n tranv\u00edas tur\u00edsticos en Veracruz puerto"},"content":{"rendered":"\n<p><strong>Alejandro \u00c1vila<\/strong><\/p>\n\n\n\n<p>Boca del R\u00edo, Ver.- Tras el conflicto y la desinformaci\u00f3n que se suscit\u00f3 hace unos d\u00edas con los tranv\u00edas tur\u00edsticos en la zona del Malec\u00f3n de Veracruz, la alcaldesa, Patricia Lobeira Rodr\u00edguez, mencion\u00f3 que estos ser\u00e1n reubicados.<\/p>\n\n\n\n<p>La edil mencion\u00f3 que los tranv\u00edas tur\u00edsticos ahora se colocar\u00e1n en la Plaza de la Rep\u00fablica, con la finalidad de mejorar el flujo vehicular y tener un reordenamiento vial en la zona del primer cuadro de la ciudad.<\/p>\n\n\n\n<p>Cabe recordar que, este jueves, el turibus de Barco Pirata fue retenido por elementos de tr\u00e1nsito municipal, situaci\u00f3n que genera molestia entre los operadores.<\/p>\n\n\n\n<p>La presidenta municipal, dijo que son 4 las unidades tur\u00edsticas que prestan el servicio y que tradicionalmente ten\u00edan como punto de abordaje la avenida Insurgentes Veracruzanos, pero ahora, s\u00f3lo se permitir\u00e1 la venta de boletos en el malec\u00f3n, y los turistas deber\u00e1n abordar en la plaza de la Rep\u00fablica.&nbsp;<\/p>\n\n\n\n<p>\u201cEllos pueden seguir con su venta de boletos en el malec\u00f3n, lo \u00fanico que queremos es que esos camiones se reubiquen a la plaza de la Rep\u00fablica para que el turista salga de esta avenida y pasen por la avenida Zaragoza que tiene edificios muy bonitos como como Trigueros, Palacio Municipal y el Registro Civil y contin\u00fae con su recorrido\u201d, explic\u00f3.&nbsp;<\/p>\n\n\n\n<p>De la misma manera, aclar\u00f3 que en pr\u00f3ximos d\u00edas sostendr\u00e1 una reuni\u00f3n con los due\u00f1os de los turibuses para mostrarles el proyecto que tiene planeado el Ayuntamiento, con la finalidad de mejorar sus ingresos.<\/p>\n\n\n\n<p>\u201cEs un reordenamiento, lo que queremos es que la vialidad pueda desfogar completamente y ahorita en este momento lo que nosotros solicitamos a los due\u00f1os de los turibuses que son cuatro, es simplemente una reubicaci\u00f3n para que haya m\u00e1s orden en la vialidad. Hay un proyecto que nosotros tenemos que presentarles\u201d.&nbsp;&nbsp;<\/p>\n","protected":false},"excerpt":{"rendered":"<p>Alejandro \u00c1vila Boca del R\u00edo, Ver.- Tras el conflicto y la desinformaci\u00f3n que se suscit\u00f3 hace unos d\u00edas con los tranv\u00edas tur\u00edsticos en la zona del Malec\u00f3n de Veracruz, la alcaldesa, Patricia Lobeira Rodr\u00edguez, mencion\u00f3 que estos ser\u00e1n reubicados. La edil mencion\u00f3 que los tranv\u00edas tur\u00edsticos ahora se colocar\u00e1n en la Plaza de la Rep\u00fablica, [&hellip;]<\/p>\n","protected":false},"author":2476,"featured_media":44328,"comment_status":"open","ping_status":"open","sticky":false,"template":"","format":"standard","meta":{"_jetpack_memberships_contains_paid_content":false,"footnotes":""},"categories":[2],"tags":[],"class_list":["post-44327","post","type-post","status-publish","format-standard","has-post-thumbnail","hentry","category-estado"],"jetpack_featured_media_url":"https:\/\/encuentroinformativo.com.mx\/wp-content\/uploads\/2023\/08\/IMG-20230825-WA00662.jpg","jetpack_sharing_enabled":true,"jetpack_likes_enabled":true,"amp_enabled":true,"_links":{"self":[{"href":"https:\/\/encuentroinformativo.com.mx\/index.php?rest_route=\/wp\/v2\/posts\/44327","targetHints":{"allow":["GET"]}}],"collection":[{"href":"https:\/\/encuentroinformativo.com.mx\/index.php?rest_route=\/wp\/v2\/posts"}],"about":[{"href":"https:\/\/encuentroinformativo.com.mx\/index.php?rest_route=\/wp\/v2\/types\/post"}],"author":[{"embeddable":true,"href":"https:\/\/encuentroinformativo.com.mx\/index.php?rest_route=\/wp\/v2\/users\/2476"}],"replies":[{"embeddable":true,"href":"https:\/\/encuentroinformativo.com.mx\/index.php?rest_route=%2Fwp%2Fv2%2Fcomments&post=44327"}],"version-history":[{"count":1,"href":"https:\/\/encuentroinformativo.com.mx\/index.php?rest_route=\/wp\/v2\/posts\/44327\/revisions"}],"predecessor-version":[{"id":44329,"href":"https:\/\/encuentroinformativo.com.mx\/index.php?rest_route=\/wp\/v2\/posts\/44327\/revisions\/44329"}],"wp:featuredmedia":[{"embeddable":true,"href":"https:\/\/encuentroinformativo.com.mx\/index.php?rest_route=\/wp\/v2\/media\/44328"}],"wp:attachment":[{"href":"https:\/\/encuentroinformativo.com.mx\/index.php?rest_route=%2Fwp%2Fv2%2Fmedia&parent=44327"}],"wp:term":[{"taxonomy":"category","embeddable":true,"href":"https:\/\/encuentroinformativo.com.mx\/index.php?rest_route=%2Fwp%2Fv2%2Fcategories&post=44327"},{"taxonomy":"post_tag","embeddable":true,"href":"https:\/\/encuentroinformativo.com.mx\/index.php?rest_route=%2Fwp%2Fv2%2Ftags&post=44327"}],"curies":[{"name":"wp","href":"https:\/\/api.w.org\/{rel}","templated":true}]}}