{"id":44336,"date":"2023-08-25T19:07:23","date_gmt":"2023-08-26T01:07:23","guid":{"rendered":"https:\/\/encuentroinformativo.com.mx\/?p=44336"},"modified":"2023-08-25T19:07:27","modified_gmt":"2023-08-26T01:07:27","slug":"coatzacoalcos-ya-cuenta-con-taxis-exclusivos-de-mujeres","status":"publish","type":"post","link":"https:\/\/encuentroinformativo.com.mx\/?p=44336","title":{"rendered":"Coatzacoalcos ya cuenta con taxis exclusivos de mujeres"},"content":{"rendered":"\n<p><strong>*Ya circulan 61 unidades de este tipo en el estado.<\/strong><\/p>\n\n\n\n<p>Xalapa, Ver., 25 de agosto de 2023.- En el marco de las actividades por el D\u00eda Naranja, la Direcci\u00f3n General de Transporte del Estado puso en marcha 30 unidades adheridas al programa Taxis Exclusivos de Mujeres, acci\u00f3n derivada de la estrategia estatal Cero Tolerancia a la Violencia contra las Mujeres y las Ni\u00f1as, en el municipio de Coatzacoalcos.<\/p>\n\n\n\n<p>De esta forma, la ciudad y puerto se suma la capital Xalapa, donde la Secretar\u00eda de Seguridad P\u00fablica ha implementado esta alternativa de servicio dirigida a la poblaci\u00f3n femenina desde el pasado mes de mayo a trav\u00e9s de 31 veh\u00edculos, por lo que son ya 61 de este tipo circulando en la entidad.<\/p>\n\n\n\n<p>Cada autom\u00f3vil se encuentra debidamente rotulado para su f\u00e1cil identificaci\u00f3n y la conducci\u00f3n est\u00e1 a cargo de mujeres; cabe destacar que ni\u00f1os menores de 12 a\u00f1os y personas con discapacidad tambi\u00e9n pueden abordar.<\/p>\n\n\n\n<p>Aunado al lanzamiento de este programa la dependencia contin\u00faa la difusi\u00f3n de la aplicaci\u00f3n m\u00f3vil Veracruz Mujer Alerta, como parte de las herramientas de prevenci\u00f3n que atiende y auxilia a las usuarias en situaci\u00f3n de riesgo.<\/p>\n\n\n\n<p>El banderazo de salida de los taxis estuvo a cargo del coordinador regional y delegado de Transporte en Minatitl\u00e1n, Jos\u00e9 Alfredo Zetina Tadeo; su hom\u00f3logo en Coatzacoalcos, Ram\u00f3n Aurelio Morales Gonz\u00e1lez, adem\u00e1s de autoridades municipales y l\u00edderes del servicio.<\/p>\n\n\n\n<figure class=\"wp-block-image size-large\"><img loading=\"lazy\" decoding=\"async\" width=\"1024\" height=\"682\" src=\"https:\/\/encuentroinformativo.com.mx\/wp-content\/uploads\/2023\/08\/IMG-20230825-WA0105-1024x682.jpg\" alt=\"\" class=\"wp-image-44338\" srcset=\"https:\/\/encuentroinformativo.com.mx\/wp-content\/uploads\/2023\/08\/IMG-20230825-WA0105-1024x682.jpg 1024w, https:\/\/encuentroinformativo.com.mx\/wp-content\/uploads\/2023\/08\/IMG-20230825-WA0105-300x200.jpg 300w, https:\/\/encuentroinformativo.com.mx\/wp-content\/uploads\/2023\/08\/IMG-20230825-WA0105-768x512.jpg 768w, https:\/\/encuentroinformativo.com.mx\/wp-content\/uploads\/2023\/08\/IMG-20230825-WA0105.jpg 1280w\" sizes=\"auto, (max-width: 1024px) 100vw, 1024px\" \/><\/figure>\n","protected":false},"excerpt":{"rendered":"<p>*Ya circulan 61 unidades de este tipo en el estado. Xalapa, Ver., 25 de agosto de 2023.- En el marco de las actividades por el D\u00eda Naranja, la Direcci\u00f3n General de Transporte del Estado puso en marcha 30 unidades adheridas al programa Taxis Exclusivos de Mujeres, acci\u00f3n derivada de la estrategia estatal Cero Tolerancia a [&hellip;]<\/p>\n","protected":false},"author":2476,"featured_media":44337,"comment_status":"open","ping_status":"open","sticky":false,"template":"","format":"standard","meta":{"_jetpack_memberships_contains_paid_content":false,"footnotes":""},"categories":[2],"tags":[],"class_list":["post-44336","post","type-post","status-publish","format-standard","has-post-thumbnail","hentry","category-estado"],"jetpack_featured_media_url":"https:\/\/encuentroinformativo.com.mx\/wp-content\/uploads\/2023\/08\/IMG-20230825-WA0107.jpg","jetpack_sharing_enabled":true,"jetpack_likes_enabled":true,"amp_enabled":true,"_links":{"self":[{"href":"https:\/\/encuentroinformativo.com.mx\/index.php?rest_route=\/wp\/v2\/posts\/44336","targetHints":{"allow":["GET"]}}],"collection":[{"href":"https:\/\/encuentroinformativo.com.mx\/index.php?rest_route=\/wp\/v2\/posts"}],"about":[{"href":"https:\/\/encuentroinformativo.com.mx\/index.php?rest_route=\/wp\/v2\/types\/post"}],"author":[{"embeddable":true,"href":"https:\/\/encuentroinformativo.com.mx\/index.php?rest_route=\/wp\/v2\/users\/2476"}],"replies":[{"embeddable":true,"href":"https:\/\/encuentroinformativo.com.mx\/index.php?rest_route=%2Fwp%2Fv2%2Fcomments&post=44336"}],"version-history":[{"count":1,"href":"https:\/\/encuentroinformativo.com.mx\/index.php?rest_route=\/wp\/v2\/posts\/44336\/revisions"}],"predecessor-version":[{"id":44339,"href":"https:\/\/encuentroinformativo.com.mx\/index.php?rest_route=\/wp\/v2\/posts\/44336\/revisions\/44339"}],"wp:featuredmedia":[{"embeddable":true,"href":"https:\/\/encuentroinformativo.com.mx\/index.php?rest_route=\/wp\/v2\/media\/44337"}],"wp:attachment":[{"href":"https:\/\/encuentroinformativo.com.mx\/index.php?rest_route=%2Fwp%2Fv2%2Fmedia&parent=44336"}],"wp:term":[{"taxonomy":"category","embeddable":true,"href":"https:\/\/encuentroinformativo.com.mx\/index.php?rest_route=%2Fwp%2Fv2%2Fcategories&post=44336"},{"taxonomy":"post_tag","embeddable":true,"href":"https:\/\/encuentroinformativo.com.mx\/index.php?rest_route=%2Fwp%2Fv2%2Ftags&post=44336"}],"curies":[{"name":"wp","href":"https:\/\/api.w.org\/{rel}","templated":true}]}}