{"id":44362,"date":"2023-08-27T14:41:45","date_gmt":"2023-08-27T20:41:45","guid":{"rendered":"https:\/\/encuentroinformativo.com.mx\/?p=44362"},"modified":"2023-08-27T14:41:51","modified_gmt":"2023-08-27T20:41:51","slug":"se-suman-xalapenos-a-cierre-de-marcelo-ebrard","status":"publish","type":"post","link":"https:\/\/encuentroinformativo.com.mx\/?p=44362","title":{"rendered":"Se suman xalape\u00f1os a cierre de Marcelo Ebrard"},"content":{"rendered":"\n<p><strong>Juan Arcos <\/strong><\/p>\n\n\n\n<p>Xalapa, Ver.- Cientos de veracruzanos se sumaron al cierre de precampa\u00f1a del excanciller Marcelo Ebrard desde la ciudad de Xalapa, donde le corearon: \u00a1Marcelo, presidente!\u201d.<\/p>\n\n\n\n<p>Se enlazaron v\u00eda remota desde el Barrio Xallitic, reci\u00e9n nombrado Barrio M\u00e1gico por la Secretar\u00eda de Turismo federal, en la zona centro de la capital de Veracruz.<\/p>\n\n\n\n<p>Marcelo agradeci\u00f3 la presencia virtual de las ciudadanas y ciudadanos de las ciudades de Chiapas, Tijuana, Puebla, Oaxaca, Monterrey y Xalapa, que participaron en su \u00faltimo m\u00edtin como aspirante a la Coordinaci\u00f3n Nacional de Comit\u00e9s en Defensa de la Cuarta Transformaci\u00f3n (4T).<\/p>\n\n\n\n<p>Desde la Arena M\u00e9xico, ubicada en la Ciudad de M\u00e9xico, Marcelo Ebrard anunci\u00f3 un nuevo principio de la Cuarta Transformaci\u00f3n, siendo ahora un total de cuatro: no mentir, no robar, no traicionar y no fallar al pueblo de M\u00e9xico.<\/p>\n\n\n\n<p>\u201cYo le agrego no fallar ala gente libre de M\u00e9xico, las cuatro se las prometo y me comprometo a cumplirlas. Vamos a iniciar el camino para la grandeza de M\u00e9xico, el futuro empieza hoy\u201d.<\/p>\n\n\n\n<p>Tambi\u00e9n record\u00f3 que durante los d\u00edas mi\u00e9rcoles, jueves, viernes, s\u00e1bado y domingo 3 de septiembre se llevar\u00e1 a cabo la encuesta interna del Movimiento de Regeneraci\u00f3n Nacional (Morena), que ser\u00e1 aplicada a 12 mil personas.<\/p>\n\n\n\n<p>\u201cA quien le toquen la puerta, \u00e1branla por favor, abran la puerta a la encuesta, en la boleta cuando t\u00fa tomas una decisi\u00f3n est\u00e1s representando a miles y miles de personas, porque en M\u00e9xico, en una elecci\u00f3n votamos 63 millones pero nada m\u00e1s le van a preguntar a 12 mil, cada una de las personas que va a contestarte representa a toda la Arena de la Ciudad de M\u00e9xico\u201d.<\/p>\n\n\n\n<p>Marcelo invit\u00f3 al pueblo a su festejo el pr\u00f3ximo 6 de septiembre, en caso de resultar victorioso en la encuesta para elegir al Coordinador Nacional de los Comit\u00e9s en Defensa de la Cuarta Transformaci\u00f3n, rumbo a la sucesi\u00f3n presidencial.<\/p>\n","protected":false},"excerpt":{"rendered":"<p>Juan Arcos Xalapa, Ver.- Cientos de veracruzanos se sumaron al cierre de precampa\u00f1a del excanciller Marcelo Ebrard desde la ciudad de Xalapa, donde le corearon: \u00a1Marcelo, presidente!\u201d. Se enlazaron v\u00eda remota desde el Barrio Xallitic, reci\u00e9n nombrado Barrio M\u00e1gico por la Secretar\u00eda de Turismo federal, en la zona centro de la capital de Veracruz. Marcelo [&hellip;]<\/p>\n","protected":false},"author":2476,"featured_media":44363,"comment_status":"open","ping_status":"open","sticky":false,"template":"","format":"standard","meta":{"_jetpack_memberships_contains_paid_content":false,"footnotes":""},"categories":[2],"tags":[],"class_list":["post-44362","post","type-post","status-publish","format-standard","has-post-thumbnail","hentry","category-estado"],"jetpack_featured_media_url":"https:\/\/encuentroinformativo.com.mx\/wp-content\/uploads\/2023\/08\/IMG_3190.jpg","jetpack_sharing_enabled":true,"jetpack_likes_enabled":true,"amp_enabled":true,"_links":{"self":[{"href":"https:\/\/encuentroinformativo.com.mx\/index.php?rest_route=\/wp\/v2\/posts\/44362","targetHints":{"allow":["GET"]}}],"collection":[{"href":"https:\/\/encuentroinformativo.com.mx\/index.php?rest_route=\/wp\/v2\/posts"}],"about":[{"href":"https:\/\/encuentroinformativo.com.mx\/index.php?rest_route=\/wp\/v2\/types\/post"}],"author":[{"embeddable":true,"href":"https:\/\/encuentroinformativo.com.mx\/index.php?rest_route=\/wp\/v2\/users\/2476"}],"replies":[{"embeddable":true,"href":"https:\/\/encuentroinformativo.com.mx\/index.php?rest_route=%2Fwp%2Fv2%2Fcomments&post=44362"}],"version-history":[{"count":1,"href":"https:\/\/encuentroinformativo.com.mx\/index.php?rest_route=\/wp\/v2\/posts\/44362\/revisions"}],"predecessor-version":[{"id":44364,"href":"https:\/\/encuentroinformativo.com.mx\/index.php?rest_route=\/wp\/v2\/posts\/44362\/revisions\/44364"}],"wp:featuredmedia":[{"embeddable":true,"href":"https:\/\/encuentroinformativo.com.mx\/index.php?rest_route=\/wp\/v2\/media\/44363"}],"wp:attachment":[{"href":"https:\/\/encuentroinformativo.com.mx\/index.php?rest_route=%2Fwp%2Fv2%2Fmedia&parent=44362"}],"wp:term":[{"taxonomy":"category","embeddable":true,"href":"https:\/\/encuentroinformativo.com.mx\/index.php?rest_route=%2Fwp%2Fv2%2Fcategories&post=44362"},{"taxonomy":"post_tag","embeddable":true,"href":"https:\/\/encuentroinformativo.com.mx\/index.php?rest_route=%2Fwp%2Fv2%2Ftags&post=44362"}],"curies":[{"name":"wp","href":"https:\/\/api.w.org\/{rel}","templated":true}]}}