{"id":44365,"date":"2023-08-27T15:22:28","date_gmt":"2023-08-27T21:22:28","guid":{"rendered":"https:\/\/encuentroinformativo.com.mx\/?p=44365"},"modified":"2023-08-27T15:22:32","modified_gmt":"2023-08-27T21:22:32","slug":"uv-mantiene-adeudos-con-personal-sindicalizado-fesapauv","status":"publish","type":"post","link":"https:\/\/encuentroinformativo.com.mx\/?p=44365","title":{"rendered":"UV mantiene adeudos con personal sindicalizado: Fesapauv"},"content":{"rendered":"\n<p><strong>Juan Arcos <\/strong><\/p>\n\n\n\n<p>Xalapa, Ver.- La Universidad Veracruzana (UV) argumenta que carece de recursos econ\u00f3micos para liquidar sus adeudos por concepto de prestaciones al personal sindicalizado.<\/p>\n\n\n\n<p>As\u00ed lo dio a conocer el secretario general de la Federaci\u00f3n Estatal de Sindicatos y Asociaciones de la Universidad Veracruzana (Fesapauv), Enrique Levet Gorozpe, quien a\u00f1adi\u00f3 que esa situaci\u00f3n ha ocasionado el recorte de personal.<\/p>\n\n\n\n<p>\u201cUno de los temas que nos preocupan son las liquidaciones de los maestros que se retiran, est\u00e1 muy rezagado este asunto y algunos son prestaciones y anticipos de sueldo; tenemos el tema de los compa\u00f1eros a los que la Universidad les ha cortado el salario, se han retrasado las convocatorias del nuevo semestre\u201d.<\/p>\n\n\n\n<p>Insisti\u00f3 en que las autoridades universitarias dicen que enfrentan una crisis financiera y por ello se complica cumplir con sus responsabilidades.<\/p>\n\n\n\n<p>&#8220;As\u00ed de sencillo: no hay dinero. Se supone que debe haberlo, que debe haber una previsi\u00f3n para el asunto de las liquidaciones\u201d, agreg\u00f3.<\/p>\n\n\n\n<p>A\u00f1adi\u00f3 que a los agremiados no les han pagado diversas prestaciones y liquidaciones, por lo que adelant\u00f3 que entregar\u00e1n una lista de los afectados a la Universidad Veracruzana.<\/p>\n\n\n\n<p>\u201cQue est\u00e1 muy rezagado este asunto; algunas prestaciones como los anticipos de sueldo, s\u00ed nos han pagado algunos, pero todav\u00eda nos deben un n\u00famero importante\u201d, enfatiz\u00f3 el l\u00edder sindical.<\/p>\n","protected":false},"excerpt":{"rendered":"<p>Juan Arcos Xalapa, Ver.- La Universidad Veracruzana (UV) argumenta que carece de recursos econ\u00f3micos para liquidar sus adeudos por concepto de prestaciones al personal sindicalizado. As\u00ed lo dio a conocer el secretario general de la Federaci\u00f3n Estatal de Sindicatos y Asociaciones de la Universidad Veracruzana (Fesapauv), Enrique Levet Gorozpe, quien a\u00f1adi\u00f3 que esa situaci\u00f3n ha [&hellip;]<\/p>\n","protected":false},"author":2476,"featured_media":44366,"comment_status":"open","ping_status":"open","sticky":false,"template":"","format":"standard","meta":{"_jetpack_memberships_contains_paid_content":false,"footnotes":""},"categories":[2],"tags":[],"class_list":["post-44365","post","type-post","status-publish","format-standard","has-post-thumbnail","hentry","category-estado"],"jetpack_featured_media_url":"https:\/\/encuentroinformativo.com.mx\/wp-content\/uploads\/2023\/08\/IMG_2838.jpg","jetpack_sharing_enabled":true,"jetpack_likes_enabled":true,"amp_enabled":true,"_links":{"self":[{"href":"https:\/\/encuentroinformativo.com.mx\/index.php?rest_route=\/wp\/v2\/posts\/44365","targetHints":{"allow":["GET"]}}],"collection":[{"href":"https:\/\/encuentroinformativo.com.mx\/index.php?rest_route=\/wp\/v2\/posts"}],"about":[{"href":"https:\/\/encuentroinformativo.com.mx\/index.php?rest_route=\/wp\/v2\/types\/post"}],"author":[{"embeddable":true,"href":"https:\/\/encuentroinformativo.com.mx\/index.php?rest_route=\/wp\/v2\/users\/2476"}],"replies":[{"embeddable":true,"href":"https:\/\/encuentroinformativo.com.mx\/index.php?rest_route=%2Fwp%2Fv2%2Fcomments&post=44365"}],"version-history":[{"count":1,"href":"https:\/\/encuentroinformativo.com.mx\/index.php?rest_route=\/wp\/v2\/posts\/44365\/revisions"}],"predecessor-version":[{"id":44367,"href":"https:\/\/encuentroinformativo.com.mx\/index.php?rest_route=\/wp\/v2\/posts\/44365\/revisions\/44367"}],"wp:featuredmedia":[{"embeddable":true,"href":"https:\/\/encuentroinformativo.com.mx\/index.php?rest_route=\/wp\/v2\/media\/44366"}],"wp:attachment":[{"href":"https:\/\/encuentroinformativo.com.mx\/index.php?rest_route=%2Fwp%2Fv2%2Fmedia&parent=44365"}],"wp:term":[{"taxonomy":"category","embeddable":true,"href":"https:\/\/encuentroinformativo.com.mx\/index.php?rest_route=%2Fwp%2Fv2%2Fcategories&post=44365"},{"taxonomy":"post_tag","embeddable":true,"href":"https:\/\/encuentroinformativo.com.mx\/index.php?rest_route=%2Fwp%2Fv2%2Ftags&post=44365"}],"curies":[{"name":"wp","href":"https:\/\/api.w.org\/{rel}","templated":true}]}}