{"id":44370,"date":"2023-08-27T16:55:37","date_gmt":"2023-08-27T22:55:37","guid":{"rendered":"https:\/\/encuentroinformativo.com.mx\/?p=44370"},"modified":"2023-08-27T16:55:41","modified_gmt":"2023-08-27T22:55:41","slug":"seguimos-con-la-incidencia-delictiva-a-la-baja-ssp","status":"publish","type":"post","link":"https:\/\/encuentroinformativo.com.mx\/?p=44370","title":{"rendered":"Seguimos con la incidencia delictiva a la baja: SSP"},"content":{"rendered":"\n<p>Xalapa, Ver.- El titular de la Secretar\u00eda de Seguridad P\u00fablica, Cap. Cuauht\u00e9moc Z\u00fa\u00f1iga Bonilla afirm\u00f3 que el esquema impulsado por el Gobernador, Cuitl\u00e1huac Garc\u00eda Jim\u00e9nez ha dado como resultado una disminuci\u00f3n en la incidencia delictiva.<\/p>\n\n\n\n<p>\u201cEn base a los resultados que emite el Secretariado Ejecutivo de Sistema Nacional de Seguridad P\u00fablica, traemos la incidencia a la baja\u201d, dijo y asegur\u00f3 que, pese a algunos eventos, las acciones emprendidas y analizadas en la Mesa para la Construcci\u00f3n de la Paz en coordinaci\u00f3n con autoridades federales y municipales ha permitido la captura de generadores de violencia.<\/p>\n\n\n\n<p>\u201cSe han detenido algunos generadores de violencia que tienen relaci\u00f3n directa con los eventos que se han registrado, en coordinaci\u00f3n con Fiscal\u00eda, SEDENA y GN estamos manteniendo un dispositivo importante en la zona norte\u201d, reconoci\u00f3.<\/p>\n\n\n\n<p>Asimismo, precis\u00f3 que dicho esquema ha dado como resultado la detenci\u00f3n de un objetivo importante, que en breve ser\u00e1 anunciado por el mandatario estatal.<\/p>\n","protected":false},"excerpt":{"rendered":"<p>Xalapa, Ver.- El titular de la Secretar\u00eda de Seguridad P\u00fablica, Cap. Cuauht\u00e9moc Z\u00fa\u00f1iga Bonilla afirm\u00f3 que el esquema impulsado por el Gobernador, Cuitl\u00e1huac Garc\u00eda Jim\u00e9nez ha dado como resultado una disminuci\u00f3n en la incidencia delictiva. \u201cEn base a los resultados que emite el Secretariado Ejecutivo de Sistema Nacional de Seguridad P\u00fablica, traemos la incidencia a [&hellip;]<\/p>\n","protected":false},"author":2476,"featured_media":44371,"comment_status":"open","ping_status":"open","sticky":false,"template":"","format":"standard","meta":{"_jetpack_memberships_contains_paid_content":false,"footnotes":""},"categories":[2],"tags":[],"class_list":["post-44370","post","type-post","status-publish","format-standard","has-post-thumbnail","hentry","category-estado"],"jetpack_featured_media_url":"https:\/\/encuentroinformativo.com.mx\/wp-content\/uploads\/2023\/08\/IMG-20230827-WA00352.jpg","jetpack_sharing_enabled":true,"jetpack_likes_enabled":true,"amp_enabled":true,"_links":{"self":[{"href":"https:\/\/encuentroinformativo.com.mx\/index.php?rest_route=\/wp\/v2\/posts\/44370","targetHints":{"allow":["GET"]}}],"collection":[{"href":"https:\/\/encuentroinformativo.com.mx\/index.php?rest_route=\/wp\/v2\/posts"}],"about":[{"href":"https:\/\/encuentroinformativo.com.mx\/index.php?rest_route=\/wp\/v2\/types\/post"}],"author":[{"embeddable":true,"href":"https:\/\/encuentroinformativo.com.mx\/index.php?rest_route=\/wp\/v2\/users\/2476"}],"replies":[{"embeddable":true,"href":"https:\/\/encuentroinformativo.com.mx\/index.php?rest_route=%2Fwp%2Fv2%2Fcomments&post=44370"}],"version-history":[{"count":1,"href":"https:\/\/encuentroinformativo.com.mx\/index.php?rest_route=\/wp\/v2\/posts\/44370\/revisions"}],"predecessor-version":[{"id":44372,"href":"https:\/\/encuentroinformativo.com.mx\/index.php?rest_route=\/wp\/v2\/posts\/44370\/revisions\/44372"}],"wp:featuredmedia":[{"embeddable":true,"href":"https:\/\/encuentroinformativo.com.mx\/index.php?rest_route=\/wp\/v2\/media\/44371"}],"wp:attachment":[{"href":"https:\/\/encuentroinformativo.com.mx\/index.php?rest_route=%2Fwp%2Fv2%2Fmedia&parent=44370"}],"wp:term":[{"taxonomy":"category","embeddable":true,"href":"https:\/\/encuentroinformativo.com.mx\/index.php?rest_route=%2Fwp%2Fv2%2Fcategories&post=44370"},{"taxonomy":"post_tag","embeddable":true,"href":"https:\/\/encuentroinformativo.com.mx\/index.php?rest_route=%2Fwp%2Fv2%2Ftags&post=44370"}],"curies":[{"name":"wp","href":"https:\/\/api.w.org\/{rel}","templated":true}]}}