{"id":44373,"date":"2023-08-27T17:01:20","date_gmt":"2023-08-27T23:01:20","guid":{"rendered":"https:\/\/encuentroinformativo.com.mx\/?p=44373"},"modified":"2023-08-27T17:01:24","modified_gmt":"2023-08-27T23:01:24","slug":"participa-alcalde-ricardo-ahued-en-jornada-de-reforestacion","status":"publish","type":"post","link":"https:\/\/encuentroinformativo.com.mx\/?p=44373","title":{"rendered":"Participa alcalde Ricardo Ahued en jornada de reforestaci\u00f3n"},"content":{"rendered":"\n<p>Perote, Ver.- El presidente municipal Ricardo Ahued Bardahuil asisti\u00f3 a la jornada de reforestaci\u00f3n que se realiz\u00f3 este domingo en el Ejido Sierra de Agua, Perote, como parte de la iniciativa \u201cFabriquemos Agua Reforestando\u201d.<\/p>\n\n\n\n<p>En el evento, que fue organizado por la Secretar\u00eda de Medio Ambiente de Veracruz (Sedema), tambi\u00e9n participaron ejidatarios, sociedad civil y funcionariado de los tres \u00f3rdenes de Gobierno, con el fin de sumarse a las acciones de protecci\u00f3n y conservaci\u00f3n ecol\u00f3gica en la entidad.<\/p>\n\n\n\n<p>Al respecto, el Edil manifest\u00f3 que el Ayuntamiento est\u00e1 cumpliendo con su compromiso de trabajar por el ambiente: \u201cEs hist\u00f3rico lo que se est\u00e1 haciendo en materia ambiental. Xalapa ya rebasa los 15 mil \u00e1rboles sembrados, adem\u00e1s adquirimos 120 mil metros de bosque como reserva protegida y vamos por m\u00e1s\u201d.<\/p>\n\n\n\n<p>Asistieron las regidoras Martha Valentina Dominguez V\u00e1squez y Mar\u00eda Guadalupe M\u00e1rquez Leonardo, y el regidor Antonio Ballesteros Grayeb.<\/p>\n\n\n\n<figure class=\"wp-block-image size-large\"><img loading=\"lazy\" decoding=\"async\" width=\"1024\" height=\"683\" src=\"https:\/\/encuentroinformativo.com.mx\/wp-content\/uploads\/2023\/08\/IMG-20230827-WA0012-1024x683.jpg\" alt=\"\" class=\"wp-image-44375\" srcset=\"https:\/\/encuentroinformativo.com.mx\/wp-content\/uploads\/2023\/08\/IMG-20230827-WA0012-1024x683.jpg 1024w, https:\/\/encuentroinformativo.com.mx\/wp-content\/uploads\/2023\/08\/IMG-20230827-WA0012-300x200.jpg 300w, https:\/\/encuentroinformativo.com.mx\/wp-content\/uploads\/2023\/08\/IMG-20230827-WA0012-768x512.jpg 768w, https:\/\/encuentroinformativo.com.mx\/wp-content\/uploads\/2023\/08\/IMG-20230827-WA0012.jpg 1531w\" sizes=\"auto, (max-width: 1024px) 100vw, 1024px\" \/><\/figure>\n","protected":false},"excerpt":{"rendered":"<p>Perote, Ver.- El presidente municipal Ricardo Ahued Bardahuil asisti\u00f3 a la jornada de reforestaci\u00f3n que se realiz\u00f3 este domingo en el Ejido Sierra de Agua, Perote, como parte de la iniciativa \u201cFabriquemos Agua Reforestando\u201d. En el evento, que fue organizado por la Secretar\u00eda de Medio Ambiente de Veracruz (Sedema), tambi\u00e9n participaron ejidatarios, sociedad civil y [&hellip;]<\/p>\n","protected":false},"author":2476,"featured_media":44374,"comment_status":"open","ping_status":"open","sticky":false,"template":"","format":"standard","meta":{"_jetpack_memberships_contains_paid_content":false,"footnotes":""},"categories":[8],"tags":[],"class_list":["post-44373","post","type-post","status-publish","format-standard","has-post-thumbnail","hentry","category-region"],"jetpack_featured_media_url":"https:\/\/encuentroinformativo.com.mx\/wp-content\/uploads\/2023\/08\/IMG-20230827-WA0018.jpg","jetpack_sharing_enabled":true,"jetpack_likes_enabled":true,"amp_enabled":true,"_links":{"self":[{"href":"https:\/\/encuentroinformativo.com.mx\/index.php?rest_route=\/wp\/v2\/posts\/44373","targetHints":{"allow":["GET"]}}],"collection":[{"href":"https:\/\/encuentroinformativo.com.mx\/index.php?rest_route=\/wp\/v2\/posts"}],"about":[{"href":"https:\/\/encuentroinformativo.com.mx\/index.php?rest_route=\/wp\/v2\/types\/post"}],"author":[{"embeddable":true,"href":"https:\/\/encuentroinformativo.com.mx\/index.php?rest_route=\/wp\/v2\/users\/2476"}],"replies":[{"embeddable":true,"href":"https:\/\/encuentroinformativo.com.mx\/index.php?rest_route=%2Fwp%2Fv2%2Fcomments&post=44373"}],"version-history":[{"count":1,"href":"https:\/\/encuentroinformativo.com.mx\/index.php?rest_route=\/wp\/v2\/posts\/44373\/revisions"}],"predecessor-version":[{"id":44376,"href":"https:\/\/encuentroinformativo.com.mx\/index.php?rest_route=\/wp\/v2\/posts\/44373\/revisions\/44376"}],"wp:featuredmedia":[{"embeddable":true,"href":"https:\/\/encuentroinformativo.com.mx\/index.php?rest_route=\/wp\/v2\/media\/44374"}],"wp:attachment":[{"href":"https:\/\/encuentroinformativo.com.mx\/index.php?rest_route=%2Fwp%2Fv2%2Fmedia&parent=44373"}],"wp:term":[{"taxonomy":"category","embeddable":true,"href":"https:\/\/encuentroinformativo.com.mx\/index.php?rest_route=%2Fwp%2Fv2%2Fcategories&post=44373"},{"taxonomy":"post_tag","embeddable":true,"href":"https:\/\/encuentroinformativo.com.mx\/index.php?rest_route=%2Fwp%2Fv2%2Ftags&post=44373"}],"curies":[{"name":"wp","href":"https:\/\/api.w.org\/{rel}","templated":true}]}}