{"id":44384,"date":"2023-08-28T10:42:41","date_gmt":"2023-08-28T16:42:41","guid":{"rendered":"https:\/\/encuentroinformativo.com.mx\/?p=44384"},"modified":"2023-08-28T10:42:45","modified_gmt":"2023-08-28T16:42:45","slug":"arranca-nuevo-ciclo-escolar-2023-2024","status":"publish","type":"post","link":"https:\/\/encuentroinformativo.com.mx\/?p=44384","title":{"rendered":"Arranca nuevo ciclo escolar 2023-2024"},"content":{"rendered":"\n<p><strong>Dar\u00edo Pale <\/strong><\/p>\n\n\n\n<p>Xalapa, Ver.- Este d\u00eda inicia el ciclo escolar 2023-2024 con la asistencia de dos millones nueve mil 68 estudiantes y 136 mil 771 docentes a las aulas de 23 mil 983 escuelas veracruzanas.<\/p>\n\n\n\n<p>De acuerdo con una estimaci\u00f3n de la Unidad de Planeaci\u00f3n, Evaluaci\u00f3n y Control Educativo de la Secretar\u00eda de Educaci\u00f3n de Veracruz (SEV), la cifra se distribuye en 93 mil 306 estudiantes de 970 escuelas, atendidos por 5 mil 327 docentes en el nivel extra escolar.<\/p>\n\n\n\n<p>Un mill\u00f3n 359 mil 21 alumnas y alumnos que son atendidos por 88 mil 458 maestras y maestros; en media superior la cifra se calcula en 299 mil 474 estudiantes, 20 mil 893 profesoras y profesores que acuden a mil 850 centros educativos, y para educaci\u00f3n superior se consideran 257 mil 367 alumnas y alumnos, 22 mil 93 docentes y 228 instituciones de ense\u00f1anza.\u00a0<\/p>\n\n\n\n<p>Despu\u00e9s de cinco semanas y media de vacaciones, a partir de este 28 de agosto se retoman actividades acad\u00e9micas con la implementaci\u00f3n del modelo educativo que impulsa la Nueva Escuela Mexicana y nueva edici\u00f3n de Libros de Texto Gratuitos, los cuales fueron distribuidos en tiempo forma en el territorio veracruzano.<\/p>\n\n\n\n<p>Por \u00faltimo cabe recordar que las y los maestros de la entidad concluyeron actividades el 26 de julio y el pasado 21 de agosto se reincorporaron a sus centros de trabajo para participar en su Consejo T\u00e9cnico Escolar y Taller Intensivo de Formaci\u00f3n Continua para Docentes.<\/p>\n","protected":false},"excerpt":{"rendered":"<p>Dar\u00edo Pale Xalapa, Ver.- Este d\u00eda inicia el ciclo escolar 2023-2024 con la asistencia de dos millones nueve mil 68 estudiantes y 136 mil 771 docentes a las aulas de 23 mil 983 escuelas veracruzanas. De acuerdo con una estimaci\u00f3n de la Unidad de Planeaci\u00f3n, Evaluaci\u00f3n y Control Educativo de la Secretar\u00eda de Educaci\u00f3n de [&hellip;]<\/p>\n","protected":false},"author":2476,"featured_media":44385,"comment_status":"open","ping_status":"open","sticky":false,"template":"","format":"standard","meta":{"_jetpack_memberships_contains_paid_content":false,"footnotes":""},"categories":[2],"tags":[],"class_list":["post-44384","post","type-post","status-publish","format-standard","has-post-thumbnail","hentry","category-estado"],"jetpack_featured_media_url":"https:\/\/encuentroinformativo.com.mx\/wp-content\/uploads\/2023\/08\/IMG-20230828-WA0039.jpg","jetpack_sharing_enabled":true,"jetpack_likes_enabled":true,"amp_enabled":true,"_links":{"self":[{"href":"https:\/\/encuentroinformativo.com.mx\/index.php?rest_route=\/wp\/v2\/posts\/44384","targetHints":{"allow":["GET"]}}],"collection":[{"href":"https:\/\/encuentroinformativo.com.mx\/index.php?rest_route=\/wp\/v2\/posts"}],"about":[{"href":"https:\/\/encuentroinformativo.com.mx\/index.php?rest_route=\/wp\/v2\/types\/post"}],"author":[{"embeddable":true,"href":"https:\/\/encuentroinformativo.com.mx\/index.php?rest_route=\/wp\/v2\/users\/2476"}],"replies":[{"embeddable":true,"href":"https:\/\/encuentroinformativo.com.mx\/index.php?rest_route=%2Fwp%2Fv2%2Fcomments&post=44384"}],"version-history":[{"count":1,"href":"https:\/\/encuentroinformativo.com.mx\/index.php?rest_route=\/wp\/v2\/posts\/44384\/revisions"}],"predecessor-version":[{"id":44386,"href":"https:\/\/encuentroinformativo.com.mx\/index.php?rest_route=\/wp\/v2\/posts\/44384\/revisions\/44386"}],"wp:featuredmedia":[{"embeddable":true,"href":"https:\/\/encuentroinformativo.com.mx\/index.php?rest_route=\/wp\/v2\/media\/44385"}],"wp:attachment":[{"href":"https:\/\/encuentroinformativo.com.mx\/index.php?rest_route=%2Fwp%2Fv2%2Fmedia&parent=44384"}],"wp:term":[{"taxonomy":"category","embeddable":true,"href":"https:\/\/encuentroinformativo.com.mx\/index.php?rest_route=%2Fwp%2Fv2%2Fcategories&post=44384"},{"taxonomy":"post_tag","embeddable":true,"href":"https:\/\/encuentroinformativo.com.mx\/index.php?rest_route=%2Fwp%2Fv2%2Ftags&post=44384"}],"curies":[{"name":"wp","href":"https:\/\/api.w.org\/{rel}","templated":true}]}}