{"id":44391,"date":"2023-08-28T11:11:24","date_gmt":"2023-08-28T17:11:24","guid":{"rendered":"https:\/\/encuentroinformativo.com.mx\/?p=44391"},"modified":"2023-08-28T11:11:27","modified_gmt":"2023-08-28T17:11:27","slug":"atiende-ayuntamiento-de-boca-del-rio-con-bacheo-el-tramo-veracruz-tejar","status":"publish","type":"post","link":"https:\/\/encuentroinformativo.com.mx\/?p=44391","title":{"rendered":"Atiende Ayuntamiento de Boca del R\u00edo con bacheo el tramo Veracruz-Tejar"},"content":{"rendered":"\n<p>Boca del R\u00edo, Ver.- El alcalde de Boca del R\u00edo, Juan Manuel Un\u00e1nue Abascal, no baja la guardia con el Programa Permanente de Bacheo en el municipio, puesto que siguen dando puntual atenci\u00f3n a los reportes que hace la ciudadan\u00eda.<\/p>\n\n\n\n<p>Ta es el caso de unos de los puntos m\u00e1s transitados como el tramo de la carretera Veracruz-Tejar que comprende a Boca del R\u00edo, por lo que se mejorar\u00e1 sustancialmente el paso para cientos de automovilistas que transitan por la zona.<\/p>\n\n\n\n<p>Un\u00e1nue Abascal reiteradamente ha dicho que su compromiso es mejorar el estado que guardan las calles y avenidas boque\u00f1as, destacando que en este punto en espec\u00edfico continuar\u00e1n los trabajos durante toda esta semana.<\/p>\n","protected":false},"excerpt":{"rendered":"<p>Boca del R\u00edo, Ver.- El alcalde de Boca del R\u00edo, Juan Manuel Un\u00e1nue Abascal, no baja la guardia con el Programa Permanente de Bacheo en el municipio, puesto que siguen dando puntual atenci\u00f3n a los reportes que hace la ciudadan\u00eda. Ta es el caso de unos de los puntos m\u00e1s transitados como el tramo de [&hellip;]<\/p>\n","protected":false},"author":2476,"featured_media":44392,"comment_status":"open","ping_status":"open","sticky":false,"template":"","format":"standard","meta":{"_jetpack_memberships_contains_paid_content":false,"footnotes":""},"categories":[2],"tags":[],"class_list":["post-44391","post","type-post","status-publish","format-standard","has-post-thumbnail","hentry","category-estado"],"jetpack_featured_media_url":"https:\/\/encuentroinformativo.com.mx\/wp-content\/uploads\/2023\/08\/IMG-20230828-WA0044.jpg","jetpack_sharing_enabled":true,"jetpack_likes_enabled":true,"amp_enabled":true,"_links":{"self":[{"href":"https:\/\/encuentroinformativo.com.mx\/index.php?rest_route=\/wp\/v2\/posts\/44391","targetHints":{"allow":["GET"]}}],"collection":[{"href":"https:\/\/encuentroinformativo.com.mx\/index.php?rest_route=\/wp\/v2\/posts"}],"about":[{"href":"https:\/\/encuentroinformativo.com.mx\/index.php?rest_route=\/wp\/v2\/types\/post"}],"author":[{"embeddable":true,"href":"https:\/\/encuentroinformativo.com.mx\/index.php?rest_route=\/wp\/v2\/users\/2476"}],"replies":[{"embeddable":true,"href":"https:\/\/encuentroinformativo.com.mx\/index.php?rest_route=%2Fwp%2Fv2%2Fcomments&post=44391"}],"version-history":[{"count":1,"href":"https:\/\/encuentroinformativo.com.mx\/index.php?rest_route=\/wp\/v2\/posts\/44391\/revisions"}],"predecessor-version":[{"id":44393,"href":"https:\/\/encuentroinformativo.com.mx\/index.php?rest_route=\/wp\/v2\/posts\/44391\/revisions\/44393"}],"wp:featuredmedia":[{"embeddable":true,"href":"https:\/\/encuentroinformativo.com.mx\/index.php?rest_route=\/wp\/v2\/media\/44392"}],"wp:attachment":[{"href":"https:\/\/encuentroinformativo.com.mx\/index.php?rest_route=%2Fwp%2Fv2%2Fmedia&parent=44391"}],"wp:term":[{"taxonomy":"category","embeddable":true,"href":"https:\/\/encuentroinformativo.com.mx\/index.php?rest_route=%2Fwp%2Fv2%2Fcategories&post=44391"},{"taxonomy":"post_tag","embeddable":true,"href":"https:\/\/encuentroinformativo.com.mx\/index.php?rest_route=%2Fwp%2Fv2%2Ftags&post=44391"}],"curies":[{"name":"wp","href":"https:\/\/api.w.org\/{rel}","templated":true}]}}