{"id":44394,"date":"2023-08-28T11:28:46","date_gmt":"2023-08-28T17:28:46","guid":{"rendered":"https:\/\/encuentroinformativo.com.mx\/?p=44394"},"modified":"2023-08-28T11:28:50","modified_gmt":"2023-08-28T17:28:50","slug":"fundacion-brinda-apoyo-escolar-a-ninos-de-medellin-de-bravo","status":"publish","type":"post","link":"https:\/\/encuentroinformativo.com.mx\/?p=44394","title":{"rendered":"Fundaci\u00f3n brinda apoyo escolar a ni\u00f1os de Medell\u00edn de Bravo"},"content":{"rendered":"\n<p><strong>Alejandro \u00c1vila<\/strong><\/p>\n\n\n\n<p>Medell\u00edn de Bravo, Ver.- Horas antes de regreso a clases, el empresario, Guillermo Herrada Jim\u00e9nez, a trav\u00e9s de su Fundaci\u00f3n entreg\u00f3 apoyos escolares a ni\u00f1os de kinder, primaria y secundaria del municipio de Medell\u00edn de Bravo.<\/p>\n\n\n\n<p>Durante el mes de junio y julio de este a\u00f1o, Herrada Jim\u00e9nez, a petici\u00f3n de los padres de familia, fue padrino de generaci\u00f3n de diversos planteles educativos en el municipio, donde se comprometi\u00f3 a apoyarlos con sus \u00fatiles escolares de ingreso a sus nuevos niveles educativos.<\/p>\n\n\n\n<p>M\u00e1s de 150 ni\u00f1as y ni\u00f1os de las comunidades de el Copital, el Atranc\u00f3n, Mozambique, el Cedral, el Tejar y Playa de Vacas, recibieron surtidas en su totalidad sus listas de \u00fatiles escolares, lo que tambi\u00e9n es una gran ayuda al bolsillo de las familias medellinenses.&nbsp;<\/p>\n\n\n\n<p>\u201cConfirmo una vez m\u00e1s, que mi apoyo y mi amor por Medellin son aut\u00e9nticos, as\u00ed que seguir\u00e9 trabajando para poder hacerles llegar m\u00e1s beneficios para toda mi gente\u201d, manifest\u00f3 Herrada Jim\u00e9nez.&nbsp;<\/p>\n\n\n\n<p>Fueron ni\u00f1os de los k\u00ednder Ni\u00f1os Heroes de Chapultepec, Federico Froebbel, \u00c1ngela Peralta, Vicente Guerrero, Jard\u00edn de Ni\u00f1os Estefan\u00eda Casta\u00f1eda, K\u00ednder Amado Nervo as\u00ed como escuelas primarias y secundarias.&nbsp;<\/p>\n\n\n\n<p>\u201cAgradecemos al licenciado Herrada, que siempre est\u00e1 al pendiente de nosotros, apoy\u00e1ndonos, hoy la verdad la situaci\u00f3n est\u00e1 bien dif\u00edcil y fueron m\u00e1s de mil pesos los que nos ahorro en la lista, los cuales ya podr\u00e9 destinar a otros gastos en el hogar\u201d, fueron algunos de los comentarios de los beneficiados.<\/p>\n","protected":false},"excerpt":{"rendered":"<p>Alejandro \u00c1vila Medell\u00edn de Bravo, Ver.- Horas antes de regreso a clases, el empresario, Guillermo Herrada Jim\u00e9nez, a trav\u00e9s de su Fundaci\u00f3n entreg\u00f3 apoyos escolares a ni\u00f1os de kinder, primaria y secundaria del municipio de Medell\u00edn de Bravo. Durante el mes de junio y julio de este a\u00f1o, Herrada Jim\u00e9nez, a petici\u00f3n de los padres [&hellip;]<\/p>\n","protected":false},"author":2476,"featured_media":44395,"comment_status":"open","ping_status":"open","sticky":false,"template":"","format":"standard","meta":{"_jetpack_memberships_contains_paid_content":false,"footnotes":""},"categories":[2],"tags":[],"class_list":["post-44394","post","type-post","status-publish","format-standard","has-post-thumbnail","hentry","category-estado"],"jetpack_featured_media_url":"https:\/\/encuentroinformativo.com.mx\/wp-content\/uploads\/2023\/08\/IMG-20230828-WA0055.jpg","jetpack_sharing_enabled":true,"jetpack_likes_enabled":true,"amp_enabled":true,"_links":{"self":[{"href":"https:\/\/encuentroinformativo.com.mx\/index.php?rest_route=\/wp\/v2\/posts\/44394","targetHints":{"allow":["GET"]}}],"collection":[{"href":"https:\/\/encuentroinformativo.com.mx\/index.php?rest_route=\/wp\/v2\/posts"}],"about":[{"href":"https:\/\/encuentroinformativo.com.mx\/index.php?rest_route=\/wp\/v2\/types\/post"}],"author":[{"embeddable":true,"href":"https:\/\/encuentroinformativo.com.mx\/index.php?rest_route=\/wp\/v2\/users\/2476"}],"replies":[{"embeddable":true,"href":"https:\/\/encuentroinformativo.com.mx\/index.php?rest_route=%2Fwp%2Fv2%2Fcomments&post=44394"}],"version-history":[{"count":1,"href":"https:\/\/encuentroinformativo.com.mx\/index.php?rest_route=\/wp\/v2\/posts\/44394\/revisions"}],"predecessor-version":[{"id":44396,"href":"https:\/\/encuentroinformativo.com.mx\/index.php?rest_route=\/wp\/v2\/posts\/44394\/revisions\/44396"}],"wp:featuredmedia":[{"embeddable":true,"href":"https:\/\/encuentroinformativo.com.mx\/index.php?rest_route=\/wp\/v2\/media\/44395"}],"wp:attachment":[{"href":"https:\/\/encuentroinformativo.com.mx\/index.php?rest_route=%2Fwp%2Fv2%2Fmedia&parent=44394"}],"wp:term":[{"taxonomy":"category","embeddable":true,"href":"https:\/\/encuentroinformativo.com.mx\/index.php?rest_route=%2Fwp%2Fv2%2Fcategories&post=44394"},{"taxonomy":"post_tag","embeddable":true,"href":"https:\/\/encuentroinformativo.com.mx\/index.php?rest_route=%2Fwp%2Fv2%2Ftags&post=44394"}],"curies":[{"name":"wp","href":"https:\/\/api.w.org\/{rel}","templated":true}]}}