{"id":44397,"date":"2023-08-28T11:47:40","date_gmt":"2023-08-28T17:47:40","guid":{"rendered":"https:\/\/encuentroinformativo.com.mx\/?p=44397"},"modified":"2023-08-28T11:37:34","modified_gmt":"2023-08-28T17:37:34","slug":"presentan-libro-periodismo-de-frontera-en-america-latina","status":"publish","type":"post","link":"https:\/\/encuentroinformativo.com.mx\/?p=44397","title":{"rendered":"Presentan libro &#8220;Periodismo de frontera en Am\u00e9rica Latina&#8221;"},"content":{"rendered":"\n<p><strong>Eirinet G\u00f3mez<\/strong><\/p>\n\n\n\n<p>Xalapa, Ver.- Celia del Palacio, escritora y doctora en historia por la Universidad Nacional Aut\u00f3noma de M\u00e9xico (UNAM), present\u00f3 su libro Periodismo de Frontera en Am\u00e9rica Latina. Violencias y desigualdades m\u00faltiples, que recoge una docena de testimonios de periodistas en M\u00e9xico y Am\u00e9rica Latina para abordar las desigualdades m\u00faltiples que condicionan los diferentes tipos de violencia que sufren los periodistas.<\/p>\n\n\n\n<p>En el libro reci\u00e9n publicado por el Centro Maria Sibylla Merian de Estudios Latinoamericanos avanzados en Humanidades y Ciencias Sociales (CALAS), y que est\u00e1 integrado por seis apartados, introducci\u00f3n y bibliograf\u00eda, desarrolla el concepto de periodistas de fronteras, \u201centendiendo como tales aquellos que ejercen esta profesi\u00f3n desde los m\u00e1rgenes no s\u00f3lo f\u00edsicos o pol\u00edticos de un territorio, sino tambi\u00e9n en un sentido econ\u00f3mico, cultural y tecnol\u00f3gico\u201d.<\/p>\n\n\n\n<p>Celia del Palacio, tiene 30 a\u00f1os de trabajar la historia de la prensa, y a partir del gobierno de Javier Duarte (2010-2016), comenz\u00f3 a abordar la violencia contra los periodistas en Veracruz, \u201ccuando ca\u00eda un periodista, y ca\u00eda otro, y ca\u00eda otro, y nadie estaba estudiando por qu\u00e9 estaba pasando esto\u201d.<\/p>\n\n\n\n<p>La presentaci\u00f3n del libro tuvo lugar este viernes, en el Centro de Estudios de la Cultura y la Comunicaci\u00f3n, en la capital de Veracruz, frente a un nutrido grupo de estudiantes y acad\u00e9micos de la Universidad Veracruzana.<\/p>\n\n\n\n<p>Desde ah\u00ed, del Palacio destac\u00f3 que el concepto de \u201cperiodistas de fronteras\u201d surgi\u00f3 en conversaciones con Antonio Mundaca, reportero y editor de El Muro en Tuxtepec, Oaxaca, \u201c\u00e9l me dijo: uno trabaja en las fronteras, y entonces surgi\u00f3 el concepto: periodistas de fronteras, y es este concepto de frontera del siglo XVIII y XIX, estos presidiums que se constru\u00edan para que no pasaran los b\u00e1rbaros, para impedir que la civilizaci\u00f3n fuera acabada\u201d.<\/p>\n\n\n\n<p>Explic\u00f3 que \u201cno es la frontera de un pa\u00eds, de un estado, son estos margen del estado, estos territorios donde el Estado deja de operar, no necesariamente que no haya estado, sino que al Estado le conviene estar o no estar, o dejar de operar y operar cuando le conviene\u201d.<\/p>\n\n\n\n<p>El libro est\u00e1 ilustrado por im\u00e1genes que conforman el proyecto Vestigios (una serie de fotograf\u00edas de objetos personales de los periodistas asesinados), del fot\u00f3grafo F\u00e9lix M\u00e1rquez, y re\u00fane testimonios de profesionales del periodismo originarios de Chihuahua, Guerrero, Oaxaca, Chiapas y Veracruz, como: Patricia Mayorga, Pedro Mat\u00edas, Jade Ramirez, Guadalupe Mar, Mar\u00eda Teresa Arroyo Gopar, Misael Habana. Y a nivel latinoamericano, profesionales en El Salvador, Paraguay y Cuba.<\/p>\n\n\n\n<p>Armando Chaguaceda, m\u00e1ster en Ciencia Pol\u00edtica por la Universidad de la Habana y uno de los comentaristas de la obra, dijo que \u201ces un libro de innovaci\u00f3n situada, porque te\u00f3ricamente el libro presenta dos o tres conceptos que la autora \u2013con mucha sinceridad\u2013, reconoce que son conceptos nacidos en el di\u00e1logo. Este es un libro que retoma conceptos de otros, pero que tambi\u00e9n crea conceptos para representar el ejercicio period\u00edstico en Am\u00e9rica Latina\u201d.<\/p>\n\n\n\n<p>Chaguaceda destac\u00f3 el oficio de Celia del Palacio, que tambi\u00e9n es autora de otras obras como Mujeres de la Tormenta (2012) y Hollywood era el Cielo (2014): \u201chace que el libro sea f\u00e1cil de leer, es agradable aunque no es un tema agradable\u201d. Y agreg\u00f3, que el libro justifica todo lo que se dice con datos.<\/p>\n\n\n\n<p>\u201cAqu\u00ed se habla de desigualdades m\u00faltiples: econ\u00f3micas, pol\u00edticas, sociales, culturales, tecnol\u00f3gicas. Y de violencias diversas: de Estado, de criminales, de violencias h\u00edbridas de Estado-criminales\u201d.<\/p>\n\n\n\n<p>Dijo que este libro \u201cve a M\u00e9xico en el espejo de Am\u00e9rica Latina y se atreve a establecer tipolog\u00edas sobre las formas del ejercicio del periodismo de frontera, este que se da en los m\u00e1rgenes de las instituciones, de los grandes medios, de la protecci\u00f3n de un Estado de Derecho. Y se\u00f1ala que no todas las violencias sobre ese periodismo no son iguales, para entrar a hablar de la concentraci\u00f3n medi\u00e1tica, el peso de la profesionalizaci\u00f3n o la transici\u00f3n a la democracia interrumpidas o parciales\u201d.<\/p>\n\n\n\n<p>Armando Chaguaceda dijo que esta obra \u201cda cuenta de esta zona de Am\u00e9rica Latina donde no solo es la violencia criminal contra los periodistas, sino donde de plano se ha cerrado la posibilidad del ejercicio del periodismo, como en Cuba, Nicaragua, Venezuela, y en esa ruta El Salvador. Aqu\u00ed se habla de una diversidad de amenazas al periodismo\u201d.<\/p>\n\n\n\n<p>En su turno, V\u00edctor Manuel Andrade Guevara, doctorado en Historia y Estudios Regionales por la Universidad Veracruzana, destac\u00f3 el trabajo de levantamiento de entrevistas, recolecci\u00f3n de testimonios, y rastreo de experiencias en pa\u00edses como El Salvador, Argentina, Colombia, y varias partes de M\u00e9xico, en el per\u00edodo de pandemia.<\/p>\n\n\n\n<p>Tambi\u00e9n destac\u00f3 que adem\u00e1s de un recuento de agresiones a periodistas o medios de comunicaci\u00f3n, hace un recuento de las resistencias, \u201cy esto es muy importante, el recuperar el papel de agentes de resistencia, como los colectivos de periodistas que est\u00e1n tratando de hacer algo, y no s\u00f3lo quej\u00e1ndose de la situaci\u00f3n\u201d.<\/p>\n\n\n\n<p>Raciel Mart\u00ednez G\u00f3mez, doctor en Sociedades Multiculturales y Estudios Interculturales por la Universidad de Granada, se\u00f1al\u00f3 en su intervenci\u00f3n, que una de las contribuciones de Periodismo de Frontera es que desnaturaliza la violencia contra los periodistas.<\/p>\n\n\n\n<p>\u201cEl trabajo de Celia del Palacio no es cuantitativo, no es un recuento de cuerpos tirados \u2013que tiene su val\u00eda hacer un trabajo de esa naturaleza\u2013, pero ella intenta hacer una reflexi\u00f3n mayor en medio de este caos que se llama M\u00e9xico, y que ella define como una democracia incipiente\u201d.<\/p>\n\n\n\n<p>Dijo que en Periodismo de Frontera \u201cse busca encontrar los surcos, las grietas, y estas cicatrices y heridas abiertas (\u2026) Esta definici\u00f3n de Frontera permite ir a la minucia, no s\u00f3lo de un dato fr\u00edo sino de los contextos\u201d.<\/p>\n\n\n\n<p>Raciel Mart\u00ednez afirma que esta obra permite advertir: \u201cel periodista no solo es v\u00edctima de los poderes f\u00e1cticos y constituidos, sino que el periodista es v\u00edctima de un caldo de cultivo, de una violencia sistem\u00e1tica que viene desde un fracasado modelo de negocios\u201d.<\/p>\n\n\n\n<figure class=\"wp-block-image size-large\"><img loading=\"lazy\" decoding=\"async\" width=\"1024\" height=\"472\" src=\"https:\/\/encuentroinformativo.com.mx\/wp-content\/uploads\/2023\/08\/IMG-20230828-WA00472-1024x472.jpg\" alt=\"\" class=\"wp-image-44399\" srcset=\"https:\/\/encuentroinformativo.com.mx\/wp-content\/uploads\/2023\/08\/IMG-20230828-WA00472-1024x472.jpg 1024w, https:\/\/encuentroinformativo.com.mx\/wp-content\/uploads\/2023\/08\/IMG-20230828-WA00472-300x138.jpg 300w, https:\/\/encuentroinformativo.com.mx\/wp-content\/uploads\/2023\/08\/IMG-20230828-WA00472-768x354.jpg 768w, https:\/\/encuentroinformativo.com.mx\/wp-content\/uploads\/2023\/08\/IMG-20230828-WA00472-1536x708.jpg 1536w, https:\/\/encuentroinformativo.com.mx\/wp-content\/uploads\/2023\/08\/IMG-20230828-WA00472.jpg 1600w\" sizes=\"auto, (max-width: 1024px) 100vw, 1024px\" \/><\/figure>\n","protected":false},"excerpt":{"rendered":"<p>Eirinet G\u00f3mez Xalapa, Ver.- Celia del Palacio, escritora y doctora en historia por la Universidad Nacional Aut\u00f3noma de M\u00e9xico (UNAM), present\u00f3 su libro Periodismo de Frontera en Am\u00e9rica Latina. Violencias y desigualdades m\u00faltiples, que recoge una docena de testimonios de periodistas en M\u00e9xico y Am\u00e9rica Latina para abordar las desigualdades m\u00faltiples que condicionan los diferentes [&hellip;]<\/p>\n","protected":false},"author":2476,"featured_media":44398,"comment_status":"open","ping_status":"open","sticky":false,"template":"","format":"standard","meta":{"_jetpack_memberships_contains_paid_content":false,"footnotes":""},"categories":[2],"tags":[],"class_list":["post-44397","post","type-post","status-publish","format-standard","has-post-thumbnail","hentry","category-estado"],"jetpack_featured_media_url":"https:\/\/encuentroinformativo.com.mx\/wp-content\/uploads\/2023\/08\/IMG-20230828-WA00462.jpg","jetpack_sharing_enabled":true,"jetpack_likes_enabled":true,"amp_enabled":true,"_links":{"self":[{"href":"https:\/\/encuentroinformativo.com.mx\/index.php?rest_route=\/wp\/v2\/posts\/44397","targetHints":{"allow":["GET"]}}],"collection":[{"href":"https:\/\/encuentroinformativo.com.mx\/index.php?rest_route=\/wp\/v2\/posts"}],"about":[{"href":"https:\/\/encuentroinformativo.com.mx\/index.php?rest_route=\/wp\/v2\/types\/post"}],"author":[{"embeddable":true,"href":"https:\/\/encuentroinformativo.com.mx\/index.php?rest_route=\/wp\/v2\/users\/2476"}],"replies":[{"embeddable":true,"href":"https:\/\/encuentroinformativo.com.mx\/index.php?rest_route=%2Fwp%2Fv2%2Fcomments&post=44397"}],"version-history":[{"count":1,"href":"https:\/\/encuentroinformativo.com.mx\/index.php?rest_route=\/wp\/v2\/posts\/44397\/revisions"}],"predecessor-version":[{"id":44400,"href":"https:\/\/encuentroinformativo.com.mx\/index.php?rest_route=\/wp\/v2\/posts\/44397\/revisions\/44400"}],"wp:featuredmedia":[{"embeddable":true,"href":"https:\/\/encuentroinformativo.com.mx\/index.php?rest_route=\/wp\/v2\/media\/44398"}],"wp:attachment":[{"href":"https:\/\/encuentroinformativo.com.mx\/index.php?rest_route=%2Fwp%2Fv2%2Fmedia&parent=44397"}],"wp:term":[{"taxonomy":"category","embeddable":true,"href":"https:\/\/encuentroinformativo.com.mx\/index.php?rest_route=%2Fwp%2Fv2%2Fcategories&post=44397"},{"taxonomy":"post_tag","embeddable":true,"href":"https:\/\/encuentroinformativo.com.mx\/index.php?rest_route=%2Fwp%2Fv2%2Ftags&post=44397"}],"curies":[{"name":"wp","href":"https:\/\/api.w.org\/{rel}","templated":true}]}}