{"id":4440,"date":"2020-07-27T15:00:49","date_gmt":"2020-07-27T20:00:49","guid":{"rendered":"https:\/\/encuentroinformativo.com\/?p=4440"},"modified":"2020-07-27T15:00:51","modified_gmt":"2020-07-27T20:00:51","slug":"invasion-afecta-produccion-de-orquideas-en-coatepec","status":"publish","type":"post","link":"https:\/\/encuentroinformativo.com.mx\/?p=4440","title":{"rendered":"Invasi\u00f3n afecta producci\u00f3n de orqu\u00eddeas en Coatepec"},"content":{"rendered":"\n<p><strong>Juan Arcos <\/strong><\/p>\n\n\n\n<p>Coatepec, Ver.- Especies de orqu\u00eddeas en peligro de extinci\u00f3n son afectadas por la invasi\u00f3n de 2 mil hect\u00e1reas en la Sierra Alta del municipio de Coatepec.<\/p>\n\n\n\n<p>Integrantes del Movimiento por la Defensa de la Sierra en Coatepec dieron a conocer de que una de esas especies es Acineta barkeri, mejor conocida como \u201cJicote\u201d.<\/p>\n\n\n\n<p>La situaci\u00f3n actual de esta orqu\u00eddea es considerada \u201calarmante\u201d, pues todas las localidades donde reside muestran signos de alteraci\u00f3n debido a que los bosques han sido desmontados para cultivo o la extensi\u00f3n de potreros.<\/p>\n\n\n\n<p>La destrucci\u00f3n del h\u00e1bitat ha catalogado al \u201cJicote\u201d, desde hace varios a\u00f1os, como una especie \u201camenazada\u201d en peligro de desaparecer a corto o mediano plazo, seg\u00fan la Norma Oficial Mexicana NOM-059-ECOL-2010 de Protecci\u00f3n ambiental.<\/p>\n\n\n\n<p>Sin embargo, los invasores -integrantes de la Central Independiente de Obreros Agr\u00edcolas y Campesinos (CIOAC)- pretenden despojar de sus tierras a unos 500 propietarios que cuentan con escrituras y que han luchado por la conservaci\u00f3n del entorno ecol\u00f3gico.<\/p>\n\n\n\n<p>\u201cLos propietarios, sabedores de la importancia de sus predios y de lo primordial de que se conserven sin alteraciones, han mantenido gran parte de la sierra intacta. Sin embargo, la supervivencia de esta ep\u00edfita en Coatepec, se encuentra hoy m\u00e1s que nunca en peligro debido al aclareo de bosques que el grupo de invasores de la CIOAC ha venido ejerciendo desde principios del 2019 y pretenden continuar\u201d, se lee en un comunicado del Movimiento por la Defensa de la Sierra.<\/p>\n\n\n\n<p>El grupo que busca defender el predio Jinicuil reprob\u00f3 tajantemente la postura del l\u00edder de la CIOAC, Francisco Ruiz Hern\u00e1ndez, quien ha mencionado que en las 2 mil hect\u00e1reas no hay bosque.<\/p>\n\n\n\n<p>\u201cQueremos las 2 mil hect\u00e1reas, somos 150 campesinos. Nosotros queremos las tierras para sembrar. All\u00ed no siembran nada, nada m\u00e1s est\u00e1 el monte\u201d, fueron algunas de sus palabras el pasado mi\u00e9rcoles 22 de julio, cuando encabez\u00f3 una protesta en el centro de Xalapa para que les permitieran quedarse en los terrenos.<\/p>\n\n\n\n<p>Sin embargo, los defensores de la Sierra opinaron que destinar \u00e1reas de la monta\u00f1a para cultivo o para viviendas pone en riesgo no s\u00f3lo la dotaci\u00f3n del agua para los coatepecanos, si no tambi\u00e9n, atenta contra la vida silvestre de flora y fauna que cohabitan la sierra.<\/p>\n\n\n\n<p>\u201cLos propietarios han cumplido exitosamente con la conservaci\u00f3n, por ello exhortamos a las autoridades ha hacer su parte, defendiendo la monta\u00f1a de los invasores, respetando los usos de suelo y protegiendo la paz y la propiedad, as\u00ed como no permitiendo ni respaldando cualquier acto de abuso de funciones fundamentado en procesos viciados que atenten contra la vida, el equilibrio y los servicios ambientales de la monta\u00f1a\u201d, expresaron.<\/p>\n\n\n\n<p><\/p>\n","protected":false},"excerpt":{"rendered":"<p>Juan Arcos Coatepec, Ver.- Especies de orqu\u00eddeas en peligro de extinci\u00f3n son afectadas por la invasi\u00f3n de 2 mil hect\u00e1reas en la Sierra Alta del municipio de Coatepec. Integrantes del Movimiento por la Defensa de la Sierra en Coatepec dieron a conocer de que una de esas especies es Acineta barkeri, mejor conocida como \u201cJicote\u201d. [&hellip;]<\/p>\n","protected":false},"author":1,"featured_media":4441,"comment_status":"open","ping_status":"open","sticky":false,"template":"","format":"standard","meta":{"_jetpack_memberships_contains_paid_content":false,"footnotes":""},"categories":[8],"tags":[],"class_list":["post-4440","post","type-post","status-publish","format-standard","has-post-thumbnail","hentry","category-region"],"jetpack_featured_media_url":"https:\/\/encuentroinformativo.com.mx\/wp-content\/uploads\/2020\/07\/DC2DC42C-220E-4024-865E-D491CEC8A05B.jpeg","jetpack_sharing_enabled":true,"jetpack_likes_enabled":true,"amp_enabled":true,"_links":{"self":[{"href":"https:\/\/encuentroinformativo.com.mx\/index.php?rest_route=\/wp\/v2\/posts\/4440","targetHints":{"allow":["GET"]}}],"collection":[{"href":"https:\/\/encuentroinformativo.com.mx\/index.php?rest_route=\/wp\/v2\/posts"}],"about":[{"href":"https:\/\/encuentroinformativo.com.mx\/index.php?rest_route=\/wp\/v2\/types\/post"}],"author":[{"embeddable":true,"href":"https:\/\/encuentroinformativo.com.mx\/index.php?rest_route=\/wp\/v2\/users\/1"}],"replies":[{"embeddable":true,"href":"https:\/\/encuentroinformativo.com.mx\/index.php?rest_route=%2Fwp%2Fv2%2Fcomments&post=4440"}],"version-history":[{"count":1,"href":"https:\/\/encuentroinformativo.com.mx\/index.php?rest_route=\/wp\/v2\/posts\/4440\/revisions"}],"predecessor-version":[{"id":4442,"href":"https:\/\/encuentroinformativo.com.mx\/index.php?rest_route=\/wp\/v2\/posts\/4440\/revisions\/4442"}],"wp:featuredmedia":[{"embeddable":true,"href":"https:\/\/encuentroinformativo.com.mx\/index.php?rest_route=\/wp\/v2\/media\/4441"}],"wp:attachment":[{"href":"https:\/\/encuentroinformativo.com.mx\/index.php?rest_route=%2Fwp%2Fv2%2Fmedia&parent=4440"}],"wp:term":[{"taxonomy":"category","embeddable":true,"href":"https:\/\/encuentroinformativo.com.mx\/index.php?rest_route=%2Fwp%2Fv2%2Fcategories&post=4440"},{"taxonomy":"post_tag","embeddable":true,"href":"https:\/\/encuentroinformativo.com.mx\/index.php?rest_route=%2Fwp%2Fv2%2Ftags&post=4440"}],"curies":[{"name":"wp","href":"https:\/\/api.w.org\/{rel}","templated":true}]}}