{"id":44401,"date":"2023-08-28T11:39:10","date_gmt":"2023-08-28T17:39:10","guid":{"rendered":"https:\/\/encuentroinformativo.com.mx\/?p=44401"},"modified":"2023-08-28T11:39:16","modified_gmt":"2023-08-28T17:39:16","slug":"denuncia-diputada-que-en-3-anos-no-ha-sesionado-consejo-estatal-para-el-adulto-mayor","status":"publish","type":"post","link":"https:\/\/encuentroinformativo.com.mx\/?p=44401","title":{"rendered":"Denuncia diputada que en 3 a\u00f1os no ha sesionado Consejo Estatal para el Adulto Mayor"},"content":{"rendered":"\n<p><strong>Alejandro \u00c1vila<\/strong><\/p>\n\n\n\n<p>Veracruz, Ver.- En el marco del D\u00eda del Abuelo, la diputada local, Anil\u00fa Ingram Vallines, lament\u00f3 que despu\u00e9s de 3 a\u00f1os de su creaci\u00f3n, Consejo Estatal para la Atenci\u00f3n de la Persona Mayor, ni siquiera ha sesionado.<\/p>\n\n\n\n<p>Ante la situaci\u00f3n que se vive en la actualidad, priista veracruzana consider\u00f3 urgente iniciar los trabajos de consulta, asesor\u00eda y evaluaci\u00f3n de acciones y programas de concertaci\u00f3n, coordinaci\u00f3n, planeaci\u00f3n y promoci\u00f3n necesarias para favorecer la plena integraci\u00f3n y desarrollo de las personas mayores.&nbsp;<\/p>\n\n\n\n<p>Es de mencionar que la propia Anil\u00fa Ingram, propuso, hace unos d\u00edas, un punto de acuerdo mediante el cual exhorta al Ejecutivo del Estado a convocar a sesi\u00f3n al Consejo Estatal para la Atenci\u00f3n de la Persona Mayor&nbsp; -\u00f3rgano del que por ley ella es integrante-, pues debe tomarse en cuenta que, de acuerdo con cifras del INEGI, en Veracruz, de un total de poblaci\u00f3n de 7 millones 643 mil 194 habitantes, un 10 por ciento, esto es, m\u00e1s de 726 mil personas, son mayores de 60 a\u00f1os, de las cuales 341 mil 269 son hombres y 384 mil 835 son mujeres.&nbsp;&nbsp;<\/p>\n\n\n\n<p>\u201cDiversos organismos sindicales y asociaciones civiles integrantes del Frente para la Preservaci\u00f3n de la Seguridad Social en el Estado de Veracruz me han solicitado, como presidenta de la Comisi\u00f3n de Derechos Humanos y Atenci\u00f3n a Grupos Vulnerables de esta Legislatura, intervenir para solicitar la pronta activaci\u00f3n de este Consejo, a fin de poner en marcha las pol\u00edticas p\u00fablicas integrales de atenci\u00f3n a la poblaci\u00f3n adulta mayor, previstas en la Ley\u201d, extern\u00f3.&nbsp;<\/p>\n\n\n\n<p>En ese sentido, la tambi\u00e9n coordinadora del Grupo Legislativo del PRI en el Congreso Local record\u00f3 que dicho Consejo fue creado por la Ley de los Derechos de las Personas Mayores para el Estado de Veracruz de Ignacio de la Llave, publicada en la Gaceta Oficial el 12 de junio de 2020.<\/p>\n\n\n\n<p>Esa ley -explic\u00f3-, en su art\u00edculo 29, establece que el Consejo \u201csesionar\u00e1 de forma ordinaria dos veces al a\u00f1o, pudiendo sesionar de manera extraordinaria, las veces que sean necesarias\u201d; pero hasta la fecha, m\u00e1s de tres a\u00f1os despu\u00e9s, no se ha celebrado sesi\u00f3n alguna.&nbsp;<\/p>\n\n\n\n<p>\u201cEl Ejecutivo del Estado no ha formulado una pol\u00edtica que d\u00e9 respuesta a las necesidades que las personas mayores experimentan ahora, as\u00ed como a lo que en lo futuro van a requerir, en vista del notable aumento de este grupo etario.<\/p>\n\n\n\n<p>Actualmente, la entidad veracruzana es la tercera a nivel nacional, con mayor poblaci\u00f3n de esas personas. Sin embargo, todav\u00eda no se ha realizado una sesi\u00f3n del Consejo Estatal para la Atenci\u00f3n de la Persona Mayor, que es el \u00f3rgano encargado de la evaluaci\u00f3n de acciones y programas de concertaci\u00f3n, coordinaci\u00f3n, planeaci\u00f3n y promoci\u00f3n necesarias para favorecer la plena integraci\u00f3n y desarrollo de las personas mayores, como antes se dijo\u201d, abund\u00f3.&nbsp;<\/p>\n\n\n\n<p>Ingram Vallines subray\u00f3 que, si bien a trav\u00e9s del Sistema DIF Estatal se implementan algunos programas o servicios de convivencia, es prioritario que estas pol\u00edticas no solo recaigan en una instituci\u00f3n que es primordialmente de asistencia social, sino que se formule una pol\u00edtica integral y transversal de estado.&nbsp;<\/p>\n\n\n\n<p>\u201cHacemos este respetuoso llamado al Ejecutivo del Estado, a fin de que a la brevedad posible emita la convocatoria para la instalaci\u00f3n del Consejo Estatal para la Atenci\u00f3n de la Persona Mayor, con el fin de que logremos atender el presente de nuestro estado, pero tambi\u00e9n el futuro de las y los veracruzanos, asegurando una vejez plena y feliz.&nbsp; Es momento de las personas mayores, es momento de Veracruz\u201d, finaliz\u00f3 la diputada local.<\/p>\n","protected":false},"excerpt":{"rendered":"<p>Alejandro \u00c1vila Veracruz, Ver.- En el marco del D\u00eda del Abuelo, la diputada local, Anil\u00fa Ingram Vallines, lament\u00f3 que despu\u00e9s de 3 a\u00f1os de su creaci\u00f3n, Consejo Estatal para la Atenci\u00f3n de la Persona Mayor, ni siquiera ha sesionado. Ante la situaci\u00f3n que se vive en la actualidad, priista veracruzana consider\u00f3 urgente iniciar los trabajos [&hellip;]<\/p>\n","protected":false},"author":2476,"featured_media":44402,"comment_status":"open","ping_status":"open","sticky":false,"template":"","format":"standard","meta":{"_jetpack_memberships_contains_paid_content":false,"footnotes":""},"categories":[2],"tags":[],"class_list":["post-44401","post","type-post","status-publish","format-standard","has-post-thumbnail","hentry","category-estado"],"jetpack_featured_media_url":"https:\/\/encuentroinformativo.com.mx\/wp-content\/uploads\/2023\/08\/IMG-20230828-WA0058.jpg","jetpack_sharing_enabled":true,"jetpack_likes_enabled":true,"amp_enabled":true,"_links":{"self":[{"href":"https:\/\/encuentroinformativo.com.mx\/index.php?rest_route=\/wp\/v2\/posts\/44401","targetHints":{"allow":["GET"]}}],"collection":[{"href":"https:\/\/encuentroinformativo.com.mx\/index.php?rest_route=\/wp\/v2\/posts"}],"about":[{"href":"https:\/\/encuentroinformativo.com.mx\/index.php?rest_route=\/wp\/v2\/types\/post"}],"author":[{"embeddable":true,"href":"https:\/\/encuentroinformativo.com.mx\/index.php?rest_route=\/wp\/v2\/users\/2476"}],"replies":[{"embeddable":true,"href":"https:\/\/encuentroinformativo.com.mx\/index.php?rest_route=%2Fwp%2Fv2%2Fcomments&post=44401"}],"version-history":[{"count":1,"href":"https:\/\/encuentroinformativo.com.mx\/index.php?rest_route=\/wp\/v2\/posts\/44401\/revisions"}],"predecessor-version":[{"id":44403,"href":"https:\/\/encuentroinformativo.com.mx\/index.php?rest_route=\/wp\/v2\/posts\/44401\/revisions\/44403"}],"wp:featuredmedia":[{"embeddable":true,"href":"https:\/\/encuentroinformativo.com.mx\/index.php?rest_route=\/wp\/v2\/media\/44402"}],"wp:attachment":[{"href":"https:\/\/encuentroinformativo.com.mx\/index.php?rest_route=%2Fwp%2Fv2%2Fmedia&parent=44401"}],"wp:term":[{"taxonomy":"category","embeddable":true,"href":"https:\/\/encuentroinformativo.com.mx\/index.php?rest_route=%2Fwp%2Fv2%2Fcategories&post=44401"},{"taxonomy":"post_tag","embeddable":true,"href":"https:\/\/encuentroinformativo.com.mx\/index.php?rest_route=%2Fwp%2Fv2%2Ftags&post=44401"}],"curies":[{"name":"wp","href":"https:\/\/api.w.org\/{rel}","templated":true}]}}