{"id":44404,"date":"2023-08-28T13:06:21","date_gmt":"2023-08-28T19:06:21","guid":{"rendered":"https:\/\/encuentroinformativo.com.mx\/?p=44404"},"modified":"2023-08-28T13:06:24","modified_gmt":"2023-08-28T19:06:24","slug":"renovaran-dirigencia-del-pri-veracruz-despues-del-3-de-septiembre","status":"publish","type":"post","link":"https:\/\/encuentroinformativo.com.mx\/?p=44404","title":{"rendered":"Renovar\u00e1n dirigencia del PRI Veracruz despu\u00e9s del 3 de septiembre"},"content":{"rendered":"\n<p><strong>Alejandro \u00c1vila<\/strong><\/p>\n\n\n\n<p>Veracruz, Ver.- La nueva dirigencia del PRI de Veracruz, que debi\u00f3 ser renovada el pasado mes de mayo, quedar\u00e1 definida pasando la elecci\u00f3n del Frente Amplio por M\u00e9xico, asegur\u00f3 la secretar\u00eda general del CEN del PRI, Carolina Viggiano Austria.<\/p>\n\n\n\n<p>La diputada federal reconoci\u00f3 que en la entidad veracruzana existe una dirigencia vencida, y declar\u00f3 que pasando el 3 de septiembre se revisar\u00e1n las dirigencias estatales, priorizando las que tendr\u00e1n elecci\u00f3n a la gubernatura en el 2024.<\/p>\n\n\n\n<p>&#8220;Pero adem\u00e1s tambi\u00e9n, como ya estamos a punto de empezar el proceso electoral legalmente hablando, ya no podemos hacer renovaciones estatutarias como tal, pero s\u00ed se pueden hacer en otros t\u00e9rminos. Entonces, vamos a poner en orden la primera parte de todo que es lo del Frente, y luego vamos a pasar a ver los Estados que van a la gubernatura como es este, como es Veracruz&#8221;, sentenci\u00f3.<\/p>\n\n\n\n<p>Cabe mencionar que diversos grupos sociales que integran el PRI Veracruz han solicitado la dirigencia estatal la renovaci\u00f3n en el cargo de Marlon Ram\u00edrez Mar\u00edn; adem\u00e1s algunos empleados del Comit\u00e9 Directivo Estatal, han expuesto adeudos laboreles, que no ha cubierto la dirigencia del tambi\u00e9n diputado local.<\/p>\n\n\n\n<p>Ante esta situaci\u00f3n, Carolina Viggiano mencion\u00f3 que una vez renovada la dirigencia estatal, se llegar\u00e1 a un acuerdo con los diversos grupos pol\u00edticos que integran el PRI en Veracruz.<\/p>\n","protected":false},"excerpt":{"rendered":"<p>Alejandro \u00c1vila Veracruz, Ver.- La nueva dirigencia del PRI de Veracruz, que debi\u00f3 ser renovada el pasado mes de mayo, quedar\u00e1 definida pasando la elecci\u00f3n del Frente Amplio por M\u00e9xico, asegur\u00f3 la secretar\u00eda general del CEN del PRI, Carolina Viggiano Austria. La diputada federal reconoci\u00f3 que en la entidad veracruzana existe una dirigencia vencida, y [&hellip;]<\/p>\n","protected":false},"author":2476,"featured_media":44405,"comment_status":"open","ping_status":"open","sticky":false,"template":"","format":"standard","meta":{"_jetpack_memberships_contains_paid_content":false,"footnotes":""},"categories":[2],"tags":[],"class_list":["post-44404","post","type-post","status-publish","format-standard","has-post-thumbnail","hentry","category-estado"],"jetpack_featured_media_url":"https:\/\/encuentroinformativo.com.mx\/wp-content\/uploads\/2023\/08\/IMG-20230828-WA0060.jpg","jetpack_sharing_enabled":true,"jetpack_likes_enabled":true,"amp_enabled":true,"_links":{"self":[{"href":"https:\/\/encuentroinformativo.com.mx\/index.php?rest_route=\/wp\/v2\/posts\/44404","targetHints":{"allow":["GET"]}}],"collection":[{"href":"https:\/\/encuentroinformativo.com.mx\/index.php?rest_route=\/wp\/v2\/posts"}],"about":[{"href":"https:\/\/encuentroinformativo.com.mx\/index.php?rest_route=\/wp\/v2\/types\/post"}],"author":[{"embeddable":true,"href":"https:\/\/encuentroinformativo.com.mx\/index.php?rest_route=\/wp\/v2\/users\/2476"}],"replies":[{"embeddable":true,"href":"https:\/\/encuentroinformativo.com.mx\/index.php?rest_route=%2Fwp%2Fv2%2Fcomments&post=44404"}],"version-history":[{"count":1,"href":"https:\/\/encuentroinformativo.com.mx\/index.php?rest_route=\/wp\/v2\/posts\/44404\/revisions"}],"predecessor-version":[{"id":44406,"href":"https:\/\/encuentroinformativo.com.mx\/index.php?rest_route=\/wp\/v2\/posts\/44404\/revisions\/44406"}],"wp:featuredmedia":[{"embeddable":true,"href":"https:\/\/encuentroinformativo.com.mx\/index.php?rest_route=\/wp\/v2\/media\/44405"}],"wp:attachment":[{"href":"https:\/\/encuentroinformativo.com.mx\/index.php?rest_route=%2Fwp%2Fv2%2Fmedia&parent=44404"}],"wp:term":[{"taxonomy":"category","embeddable":true,"href":"https:\/\/encuentroinformativo.com.mx\/index.php?rest_route=%2Fwp%2Fv2%2Fcategories&post=44404"},{"taxonomy":"post_tag","embeddable":true,"href":"https:\/\/encuentroinformativo.com.mx\/index.php?rest_route=%2Fwp%2Fv2%2Ftags&post=44404"}],"curies":[{"name":"wp","href":"https:\/\/api.w.org\/{rel}","templated":true}]}}