{"id":44410,"date":"2023-08-28T14:00:26","date_gmt":"2023-08-28T20:00:26","guid":{"rendered":"https:\/\/encuentroinformativo.com.mx\/?p=44410"},"modified":"2023-08-28T14:00:29","modified_gmt":"2023-08-28T20:00:29","slug":"organizadores-deben-responder-por-agresion-a-reportera-gobernador","status":"publish","type":"post","link":"https:\/\/encuentroinformativo.com.mx\/?p=44410","title":{"rendered":"Organizadores deben responder por agresi\u00f3n a reportera: Gobernador"},"content":{"rendered":"\n<p><strong>Dar\u00edo Pale<\/strong><\/p>\n\n\n\n<p>Xalapa, Ver.- De nueva cuenta el el gobernador Cuitl\u00e1huac Garc\u00eda Jim\u00e9nez minimiz\u00f3 la agresi\u00f3n que sufri\u00f3 la reportera Ver\u00f3nica N el d\u00eda de ayer y tambi\u00e9n deslind\u00f3 a su coordinadora de Documentaci\u00f3n, Control y Gesti\u00f3n Chelo Tomas, quien planeo el acarreo a evento de Sheimbaum.<\/p>\n\n\n\n<p>En conferencia de prensa el gobernador minimiz\u00f3 la agresi\u00f3n ocurrida a la periodista Ver\u00f3nica Huerta, la tarde de este domingo al concluir el evento de la aspirante presidencial Claudia Sheimbaum, ya que primero explic\u00f3 que ellos son los que rentan el inmueble para varios tipos de eventos, luego dijo que no son autoridad porque no administran ese bien.<\/p>\n\n\n\n<p>&#8220;Y quienes tienen que responder sobre lo que pudiera ah\u00ed haber pasado son los organizadores. No lo puedo hacer yo porque una no fui el organizador y, adem\u00e1s, si lo hiciera esto se va a interpretar con lo que algunos nos quieren se\u00f1alar, que estamos beneficiando o torpedeando la campa\u00f1a de uno u otro, de quienes est\u00e1n aspirando a ser coordinadores de la Cuarta Transformaci\u00f3n&#8221;, se\u00f1al\u00f3.<\/p>\n\n\n\n<p>Ante la evidencia que grab\u00f3 Ver\u00f3nica por el uso de los recursos p\u00fablicos en un evento partidista, respondi\u00f3 que quien tiene que responder es la administraci\u00f3n de Miahuatl\u00e1n.<\/p>\n\n\n\n<p>&#8220;Que la compa\u00f1era reportera contin\u00fae con lo que considera una violaci\u00f3n y, tambi\u00e9n parece que se bajan a decirle, intentan arrebatarle su celular. Que ella presente la denuncia que corresponde, a quien considere&#8221;, coment\u00f3.<\/p>\n\n\n\n<p>&#8220;Nosotros no tenemos nada que ver ah\u00ed y, si se comprueba lo que ella dice, adelante, ah\u00ed est\u00e1 la instancia y est\u00e1n las formas en que debe proceder. No somos autoridad ah\u00ed, no administramos ese bien&#8221;, agreg\u00f3.<\/p>\n\n\n\n<p>Explic\u00f3 que el Vel\u00f3dromo, donde se llev\u00f3 a cabo el evento pol\u00edtico, se rent\u00f3 a los organizadores, adem\u00e1s puntualiz\u00f3 que los ingresos por renta se usan para el mantenimiento de ese y otros inmuebles deportivos.<\/p>\n\n\n\n<p>Dijo que los organizadores pagaron el monto del evento, como cualquier otra persona, pero evit\u00f3 dar la cifra.<\/p>\n\n\n\n<p>&#8220;Nosotros no tenemos que impedir que alguien utilice los medios o las instalaciones que acostumbramos rentar&#8221;, manifest\u00f3.<\/p>\n\n\n\n<p>En otro orden de ideas, luego de varios d\u00edas de esc\u00e1ndalo por un audio en donde la coordinadora de Documentaci\u00f3n, Control y Gesti\u00f3n de la Oficina del Gobernador, Chelo Thomas, el Ejecutivo dijo que podr\u00eda haberse &#8220;truqueado&#8221; el audio.<\/p>\n\n\n\n<p>Mencion\u00f3 que no ha hablado con ella ni ha escuchado el audio, &#8220;no he tenido la oportunidad de hablar con ella, pero pues igual, todos los que consideren, cualquiera que considere que hay alguna violaci\u00f3n que acuda a las instancias y que ah\u00ed se demuestre, porque ahorita est\u00e1 el ambiente medi\u00e1tico y todo tipo de se\u00f1alamientos&#8221;.<\/p>\n\n\n\n<p>Garc\u00eda Jim\u00e9nez dijo que es posible que se haya editado el audio de la funcionaria y por lo tanto, lo mejor ser\u00eda que quien considere que se ha violado alguna ley, que proceda legalmente, adem\u00e1s presumi\u00f3 que su gobierno no encubre a nadie.<\/p>\n\n\n\n<p>Finalmente el mandatario sostuvo que no se puede poner a investigar y que ni siquiera ha escuchado el audio.<\/p>\n","protected":false},"excerpt":{"rendered":"<p>Dar\u00edo Pale Xalapa, Ver.- De nueva cuenta el el gobernador Cuitl\u00e1huac Garc\u00eda Jim\u00e9nez minimiz\u00f3 la agresi\u00f3n que sufri\u00f3 la reportera Ver\u00f3nica N el d\u00eda de ayer y tambi\u00e9n deslind\u00f3 a su coordinadora de Documentaci\u00f3n, Control y Gesti\u00f3n Chelo Tomas, quien planeo el acarreo a evento de Sheimbaum. En conferencia de prensa el gobernador minimiz\u00f3 la [&hellip;]<\/p>\n","protected":false},"author":2476,"featured_media":44412,"comment_status":"open","ping_status":"open","sticky":false,"template":"","format":"standard","meta":{"_jetpack_memberships_contains_paid_content":false,"footnotes":""},"categories":[2],"tags":[],"class_list":["post-44410","post","type-post","status-publish","format-standard","has-post-thumbnail","hentry","category-estado"],"jetpack_featured_media_url":"https:\/\/encuentroinformativo.com.mx\/wp-content\/uploads\/2023\/08\/IMG-20230828-WA0081.jpg","jetpack_sharing_enabled":true,"jetpack_likes_enabled":true,"amp_enabled":true,"_links":{"self":[{"href":"https:\/\/encuentroinformativo.com.mx\/index.php?rest_route=\/wp\/v2\/posts\/44410","targetHints":{"allow":["GET"]}}],"collection":[{"href":"https:\/\/encuentroinformativo.com.mx\/index.php?rest_route=\/wp\/v2\/posts"}],"about":[{"href":"https:\/\/encuentroinformativo.com.mx\/index.php?rest_route=\/wp\/v2\/types\/post"}],"author":[{"embeddable":true,"href":"https:\/\/encuentroinformativo.com.mx\/index.php?rest_route=\/wp\/v2\/users\/2476"}],"replies":[{"embeddable":true,"href":"https:\/\/encuentroinformativo.com.mx\/index.php?rest_route=%2Fwp%2Fv2%2Fcomments&post=44410"}],"version-history":[{"count":1,"href":"https:\/\/encuentroinformativo.com.mx\/index.php?rest_route=\/wp\/v2\/posts\/44410\/revisions"}],"predecessor-version":[{"id":44413,"href":"https:\/\/encuentroinformativo.com.mx\/index.php?rest_route=\/wp\/v2\/posts\/44410\/revisions\/44413"}],"wp:featuredmedia":[{"embeddable":true,"href":"https:\/\/encuentroinformativo.com.mx\/index.php?rest_route=\/wp\/v2\/media\/44412"}],"wp:attachment":[{"href":"https:\/\/encuentroinformativo.com.mx\/index.php?rest_route=%2Fwp%2Fv2%2Fmedia&parent=44410"}],"wp:term":[{"taxonomy":"category","embeddable":true,"href":"https:\/\/encuentroinformativo.com.mx\/index.php?rest_route=%2Fwp%2Fv2%2Fcategories&post=44410"},{"taxonomy":"post_tag","embeddable":true,"href":"https:\/\/encuentroinformativo.com.mx\/index.php?rest_route=%2Fwp%2Fv2%2Ftags&post=44410"}],"curies":[{"name":"wp","href":"https:\/\/api.w.org\/{rel}","templated":true}]}}