{"id":44414,"date":"2023-08-28T14:34:47","date_gmt":"2023-08-28T20:34:47","guid":{"rendered":"https:\/\/encuentroinformativo.com.mx\/?p=44414"},"modified":"2023-08-28T14:34:51","modified_gmt":"2023-08-28T20:34:51","slug":"activan-feria-agropecuaria-en-san-andres","status":"publish","type":"post","link":"https:\/\/encuentroinformativo.com.mx\/?p=44414","title":{"rendered":"Activan Feria Agropecuaria en San Andr\u00e9s"},"content":{"rendered":"\n<p><strong>Alejandro \u00c1vila <\/strong><\/p>\n\n\n\n<p>San Andr\u00e9s Tuxtla Ver.- Autoridades del Ayuntamiento de San Andr\u00e9s Tuxtla, invitan a la Primera Feria Municipal Agropecuaria 2023 \u201cEl Remedio para el Campo\u201d, la cual se realizar\u00e1 este mi\u00e9rcoles 30 de Agosto y en la cual se beneficiar\u00e1 a m\u00e1s de 400 productores de la zona.<\/p>\n\n\n\n<p>La alcaldesa, Mar\u00eda Elena Solana Calzada, especific\u00f3 que entre los favorecidos, est\u00e1n principalmente ganaderos y agricultores del municipio, a los que se les entregar\u00e1 paquetes agropecuarios para beneficio de ese sector.<\/p>\n\n\n\n<p>La mun\u00edcipe&nbsp; de San Andres Tuxtla, agreg\u00f3 que con los apoyos en especie, suman un total de tres millones de pesos que entregar\u00e1 el d\u00eda del evento en compa\u00f1\u00eda de su cuerpo edilicio.<\/p>\n\n\n\n<p>\u201cEl d\u00eda del evento entregaremos l\u00e1minas&nbsp; galvanizadas, alambre de p\u00faas, cava hoyos, machetes, azadones, martillos, fumigadoras, mallas borregueras, montenes, tinacos, motosierras, desgrosadoras y m\u00e1s art\u00edculos para el campo, lo cual sumar\u00e1 un total de 3 millones de pesos\u201d, espec\u00edfico la Doctora Mar\u00eda Elena.&nbsp;<\/p>\n\n\n\n<p>Adem\u00e1s, invit\u00f3 a toda la ciudadan\u00eda para que asistan, ya que habr\u00e1 una muestra ganadera con reconocidos exponentes de la regi\u00f3n, adem\u00e1s que tambi\u00e9n se llevar\u00e1 a cabo la rifa de un caballo semental, en agradecimiento a los ganaderos.<\/p>\n\n\n\n<p>La alcaldesa, conocida tambi\u00e9n como la Doctora Remedios, agreg\u00f3 que la feria contar\u00e1 con la participaci\u00f3n de escuelas campesinas de la SEDARPA,&nbsp; para demostrar el trabajo que realizan y las ense\u00f1anzas aplicadas, as\u00ed convirti\u00e9ndose en una muestra folcl\u00f3rica.<\/p>\n","protected":false},"excerpt":{"rendered":"<p>Alejandro \u00c1vila San Andr\u00e9s Tuxtla Ver.- Autoridades del Ayuntamiento de San Andr\u00e9s Tuxtla, invitan a la Primera Feria Municipal Agropecuaria 2023 \u201cEl Remedio para el Campo\u201d, la cual se realizar\u00e1 este mi\u00e9rcoles 30 de Agosto y en la cual se beneficiar\u00e1 a m\u00e1s de 400 productores de la zona. La alcaldesa, Mar\u00eda Elena Solana Calzada, [&hellip;]<\/p>\n","protected":false},"author":2476,"featured_media":44415,"comment_status":"open","ping_status":"open","sticky":false,"template":"","format":"standard","meta":{"_jetpack_memberships_contains_paid_content":false,"footnotes":""},"categories":[2],"tags":[],"class_list":["post-44414","post","type-post","status-publish","format-standard","has-post-thumbnail","hentry","category-estado"],"jetpack_featured_media_url":"https:\/\/encuentroinformativo.com.mx\/wp-content\/uploads\/2023\/08\/IMG-20230828-WA0090.jpg","jetpack_sharing_enabled":true,"jetpack_likes_enabled":true,"amp_enabled":true,"_links":{"self":[{"href":"https:\/\/encuentroinformativo.com.mx\/index.php?rest_route=\/wp\/v2\/posts\/44414","targetHints":{"allow":["GET"]}}],"collection":[{"href":"https:\/\/encuentroinformativo.com.mx\/index.php?rest_route=\/wp\/v2\/posts"}],"about":[{"href":"https:\/\/encuentroinformativo.com.mx\/index.php?rest_route=\/wp\/v2\/types\/post"}],"author":[{"embeddable":true,"href":"https:\/\/encuentroinformativo.com.mx\/index.php?rest_route=\/wp\/v2\/users\/2476"}],"replies":[{"embeddable":true,"href":"https:\/\/encuentroinformativo.com.mx\/index.php?rest_route=%2Fwp%2Fv2%2Fcomments&post=44414"}],"version-history":[{"count":1,"href":"https:\/\/encuentroinformativo.com.mx\/index.php?rest_route=\/wp\/v2\/posts\/44414\/revisions"}],"predecessor-version":[{"id":44416,"href":"https:\/\/encuentroinformativo.com.mx\/index.php?rest_route=\/wp\/v2\/posts\/44414\/revisions\/44416"}],"wp:featuredmedia":[{"embeddable":true,"href":"https:\/\/encuentroinformativo.com.mx\/index.php?rest_route=\/wp\/v2\/media\/44415"}],"wp:attachment":[{"href":"https:\/\/encuentroinformativo.com.mx\/index.php?rest_route=%2Fwp%2Fv2%2Fmedia&parent=44414"}],"wp:term":[{"taxonomy":"category","embeddable":true,"href":"https:\/\/encuentroinformativo.com.mx\/index.php?rest_route=%2Fwp%2Fv2%2Fcategories&post=44414"},{"taxonomy":"post_tag","embeddable":true,"href":"https:\/\/encuentroinformativo.com.mx\/index.php?rest_route=%2Fwp%2Fv2%2Ftags&post=44414"}],"curies":[{"name":"wp","href":"https:\/\/api.w.org\/{rel}","templated":true}]}}