{"id":44417,"date":"2023-08-28T16:28:12","date_gmt":"2023-08-28T22:28:12","guid":{"rendered":"https:\/\/encuentroinformativo.com.mx\/?p=44417"},"modified":"2023-08-28T16:28:15","modified_gmt":"2023-08-28T22:28:15","slug":"confirma-gobernador-delicado-estado-de-salud-del-secretario-gerardo-diaz","status":"publish","type":"post","link":"https:\/\/encuentroinformativo.com.mx\/?p=44417","title":{"rendered":"Confirma Gobernador, &#8220;delicado&#8221; estado de salud del secretario Gerardo D\u00edaz"},"content":{"rendered":"\n<p><strong>Dar\u00edo Pale <\/strong><\/p>\n\n\n\n<p>Xalapa, Ver.- El gobernador del estado Cuitl\u00e1huac Garc\u00eda Jim\u00e9nez dio a conocer que el Secretario de Salud Gerardo D\u00edaz, est\u00e1 muy delicado y est\u00e1 internado tras complicaciones por una cirug\u00eda.<\/p>\n\n\n\n<p>En conferencia de prensa dijo que, tras los rumores del mal estado de Salud de Gerardo D\u00edaz Morales, el gobernador Cuitl\u00e1huac Garc\u00eda Jim\u00e9nez, confirm\u00f3 que est\u00e1 internado y que est\u00e1 muy delicado de salud, expuso que hace algunas semanas sufri\u00f3 una intervenci\u00f3n quir\u00fargica, pero tuvo complicaciones, por lo que este domingo fue internado de emergencia.<\/p>\n\n\n\n<p>&#8220;Tuvo una descompensaci\u00f3n muy fuerte. Est\u00e1 muy delicado de salud, me van a dar el informe ahorita de exactamente su circunstancia de Salud. Mando un abrazo a los familiares, es lo que podr\u00eda decir&#8221;, se\u00f1al\u00f3.<\/p>\n\n\n\n<p>El Ejecutivo manifest\u00f3 que el doctor Gerardo D\u00edaz Morales siempre se distingui\u00f3, como su antecesor, por ponerse al frente de circunstancias delicadas, no obstante el riesgo que podr\u00eda haber para su propia salud.<\/p>\n\n\n\n<p>&#8220;El doctor Alor se desenvolvi\u00f3 como secretario durante la \u00e9poca de la pandemia y \u00e9l como neum\u00f3logo pediatra, personalmente atend\u00eda, iba a los centros de salud&#8221;, coment\u00f3.<\/p>\n\n\n\n<p>Por \u00faltimo cabe se\u00f1alar que los rumores son que el secretario de Salud padece de alg\u00fan tipo de c\u00e1ncer, que se encuentra muy delicado y que por ello estar\u00eda internado desde hace varios d\u00edas.<\/p>\n","protected":false},"excerpt":{"rendered":"<p>Dar\u00edo Pale Xalapa, Ver.- El gobernador del estado Cuitl\u00e1huac Garc\u00eda Jim\u00e9nez dio a conocer que el Secretario de Salud Gerardo D\u00edaz, est\u00e1 muy delicado y est\u00e1 internado tras complicaciones por una cirug\u00eda. En conferencia de prensa dijo que, tras los rumores del mal estado de Salud de Gerardo D\u00edaz Morales, el gobernador Cuitl\u00e1huac Garc\u00eda Jim\u00e9nez, [&hellip;]<\/p>\n","protected":false},"author":2476,"featured_media":44418,"comment_status":"open","ping_status":"open","sticky":false,"template":"","format":"standard","meta":{"_jetpack_memberships_contains_paid_content":false,"footnotes":""},"categories":[9],"tags":[],"class_list":["post-44417","post","type-post","status-publish","format-standard","has-post-thumbnail","hentry","category-salud"],"jetpack_featured_media_url":"https:\/\/encuentroinformativo.com.mx\/wp-content\/uploads\/2023\/08\/FB_IMG_1693261349775.jpg","jetpack_sharing_enabled":true,"jetpack_likes_enabled":true,"amp_enabled":true,"_links":{"self":[{"href":"https:\/\/encuentroinformativo.com.mx\/index.php?rest_route=\/wp\/v2\/posts\/44417","targetHints":{"allow":["GET"]}}],"collection":[{"href":"https:\/\/encuentroinformativo.com.mx\/index.php?rest_route=\/wp\/v2\/posts"}],"about":[{"href":"https:\/\/encuentroinformativo.com.mx\/index.php?rest_route=\/wp\/v2\/types\/post"}],"author":[{"embeddable":true,"href":"https:\/\/encuentroinformativo.com.mx\/index.php?rest_route=\/wp\/v2\/users\/2476"}],"replies":[{"embeddable":true,"href":"https:\/\/encuentroinformativo.com.mx\/index.php?rest_route=%2Fwp%2Fv2%2Fcomments&post=44417"}],"version-history":[{"count":1,"href":"https:\/\/encuentroinformativo.com.mx\/index.php?rest_route=\/wp\/v2\/posts\/44417\/revisions"}],"predecessor-version":[{"id":44419,"href":"https:\/\/encuentroinformativo.com.mx\/index.php?rest_route=\/wp\/v2\/posts\/44417\/revisions\/44419"}],"wp:featuredmedia":[{"embeddable":true,"href":"https:\/\/encuentroinformativo.com.mx\/index.php?rest_route=\/wp\/v2\/media\/44418"}],"wp:attachment":[{"href":"https:\/\/encuentroinformativo.com.mx\/index.php?rest_route=%2Fwp%2Fv2%2Fmedia&parent=44417"}],"wp:term":[{"taxonomy":"category","embeddable":true,"href":"https:\/\/encuentroinformativo.com.mx\/index.php?rest_route=%2Fwp%2Fv2%2Fcategories&post=44417"},{"taxonomy":"post_tag","embeddable":true,"href":"https:\/\/encuentroinformativo.com.mx\/index.php?rest_route=%2Fwp%2Fv2%2Ftags&post=44417"}],"curies":[{"name":"wp","href":"https:\/\/api.w.org\/{rel}","templated":true}]}}