{"id":44430,"date":"2023-08-28T17:01:22","date_gmt":"2023-08-28T23:01:22","guid":{"rendered":"https:\/\/encuentroinformativo.com.mx\/?p=44430"},"modified":"2023-08-28T17:01:26","modified_gmt":"2023-08-28T23:01:26","slug":"activa-ssp-plan-tajin-en-xalapa","status":"publish","type":"post","link":"https:\/\/encuentroinformativo.com.mx\/?p=44430","title":{"rendered":"Activa SSP Plan Taj\u00edn en Xalapa"},"content":{"rendered":"\n<p>Xalapa, Ver.- Ante las afectaciones registradas en la capital del estado por la intensa lluvia vespertina, la Secretar\u00eda de Seguridad P\u00fablica (SSP) di\u00f3 a conocer que se activo el Plan Taj\u00edn.<\/p>\n\n\n\n<p>A trav\u00e9s de redes sociales dieron a conocer la siguiente informaci\u00f3n: <\/p>\n\n\n\n<p>#SSPInforma: Activa SSP Operativo Plan Taj\u00edn en la ciudad de Xalapa, tras las intensas lluvias registradas este d\u00eda, a causa de la tormenta tropical Idalia. Los oficiales brindaron apoyo a automovilistas y ciudadan\u00eda afectada por las inundaciones en diversas colonias de la ciudad.<\/p>\n\n\n\n<p>Exhortamos a la poblaci\u00f3n seguir recomendaciones oficiales y ante cualquier emergencia comunicarse de inmediato al 9-1-1.<\/p>\n\n\n\n<p><em>COLONIAS AFECTADAS DONDE SE BRIND\u00d3 APOYO<\/em>:<\/p>\n\n\n\n<p>REFORMA<br>ENCINAL<br>ARROYO BLANCO<br>BENITO JU\u00c1REZ<br>BUENA VISTA<br>FRANCISCO FERRER GUARDIA<br>LOS LAURELES<br>LOMAS VERDES<br>JARDINES DE LAS \u00c1NIMAS<\/p>\n\n\n\n<figure class=\"wp-block-image size-large\"><img loading=\"lazy\" decoding=\"async\" width=\"1024\" height=\"576\" src=\"https:\/\/encuentroinformativo.com.mx\/wp-content\/uploads\/2023\/08\/IMG-20230828-WA0164-1024x576.jpg\" alt=\"\" class=\"wp-image-44432\" srcset=\"https:\/\/encuentroinformativo.com.mx\/wp-content\/uploads\/2023\/08\/IMG-20230828-WA0164-1024x576.jpg 1024w, https:\/\/encuentroinformativo.com.mx\/wp-content\/uploads\/2023\/08\/IMG-20230828-WA0164-300x169.jpg 300w, https:\/\/encuentroinformativo.com.mx\/wp-content\/uploads\/2023\/08\/IMG-20230828-WA0164-768x432.jpg 768w, https:\/\/encuentroinformativo.com.mx\/wp-content\/uploads\/2023\/08\/IMG-20230828-WA0164-1536x864.jpg 1536w, https:\/\/encuentroinformativo.com.mx\/wp-content\/uploads\/2023\/08\/IMG-20230828-WA0164.jpg 1600w\" sizes=\"auto, (max-width: 1024px) 100vw, 1024px\" \/><\/figure>\n\n\n\n<figure class=\"wp-block-image size-large\"><img loading=\"lazy\" decoding=\"async\" width=\"1024\" height=\"768\" src=\"https:\/\/encuentroinformativo.com.mx\/wp-content\/uploads\/2023\/08\/IMG-20230828-WA0144.jpg\" alt=\"\" class=\"wp-image-44433\" srcset=\"https:\/\/encuentroinformativo.com.mx\/wp-content\/uploads\/2023\/08\/IMG-20230828-WA0144.jpg 1024w, https:\/\/encuentroinformativo.com.mx\/wp-content\/uploads\/2023\/08\/IMG-20230828-WA0144-300x225.jpg 300w, https:\/\/encuentroinformativo.com.mx\/wp-content\/uploads\/2023\/08\/IMG-20230828-WA0144-768x576.jpg 768w\" sizes=\"auto, (max-width: 1024px) 100vw, 1024px\" \/><\/figure>\n\n\n\n<figure class=\"wp-block-image size-large\"><img loading=\"lazy\" decoding=\"async\" width=\"1024\" height=\"768\" src=\"https:\/\/encuentroinformativo.com.mx\/wp-content\/uploads\/2023\/08\/IMG-20230828-WA0167.jpg\" alt=\"\" class=\"wp-image-44434\" srcset=\"https:\/\/encuentroinformativo.com.mx\/wp-content\/uploads\/2023\/08\/IMG-20230828-WA0167.jpg 1024w, https:\/\/encuentroinformativo.com.mx\/wp-content\/uploads\/2023\/08\/IMG-20230828-WA0167-300x225.jpg 300w, https:\/\/encuentroinformativo.com.mx\/wp-content\/uploads\/2023\/08\/IMG-20230828-WA0167-768x576.jpg 768w\" sizes=\"auto, (max-width: 1024px) 100vw, 1024px\" \/><\/figure>\n","protected":false},"excerpt":{"rendered":"<p>Xalapa, Ver.- Ante las afectaciones registradas en la capital del estado por la intensa lluvia vespertina, la Secretar\u00eda de Seguridad P\u00fablica (SSP) di\u00f3 a conocer que se activo el Plan Taj\u00edn. A trav\u00e9s de redes sociales dieron a conocer la siguiente informaci\u00f3n: #SSPInforma: Activa SSP Operativo Plan Taj\u00edn en la ciudad de Xalapa, tras las [&hellip;]<\/p>\n","protected":false},"author":2476,"featured_media":44431,"comment_status":"open","ping_status":"open","sticky":false,"template":"","format":"standard","meta":{"_jetpack_memberships_contains_paid_content":false,"footnotes":""},"categories":[3],"tags":[],"class_list":["post-44430","post","type-post","status-publish","format-standard","has-post-thumbnail","hentry","category-xalapa"],"jetpack_featured_media_url":"https:\/\/encuentroinformativo.com.mx\/wp-content\/uploads\/2023\/08\/IMG-20230828-WA0171.jpg","jetpack_sharing_enabled":true,"jetpack_likes_enabled":true,"amp_enabled":true,"_links":{"self":[{"href":"https:\/\/encuentroinformativo.com.mx\/index.php?rest_route=\/wp\/v2\/posts\/44430","targetHints":{"allow":["GET"]}}],"collection":[{"href":"https:\/\/encuentroinformativo.com.mx\/index.php?rest_route=\/wp\/v2\/posts"}],"about":[{"href":"https:\/\/encuentroinformativo.com.mx\/index.php?rest_route=\/wp\/v2\/types\/post"}],"author":[{"embeddable":true,"href":"https:\/\/encuentroinformativo.com.mx\/index.php?rest_route=\/wp\/v2\/users\/2476"}],"replies":[{"embeddable":true,"href":"https:\/\/encuentroinformativo.com.mx\/index.php?rest_route=%2Fwp%2Fv2%2Fcomments&post=44430"}],"version-history":[{"count":1,"href":"https:\/\/encuentroinformativo.com.mx\/index.php?rest_route=\/wp\/v2\/posts\/44430\/revisions"}],"predecessor-version":[{"id":44435,"href":"https:\/\/encuentroinformativo.com.mx\/index.php?rest_route=\/wp\/v2\/posts\/44430\/revisions\/44435"}],"wp:featuredmedia":[{"embeddable":true,"href":"https:\/\/encuentroinformativo.com.mx\/index.php?rest_route=\/wp\/v2\/media\/44431"}],"wp:attachment":[{"href":"https:\/\/encuentroinformativo.com.mx\/index.php?rest_route=%2Fwp%2Fv2%2Fmedia&parent=44430"}],"wp:term":[{"taxonomy":"category","embeddable":true,"href":"https:\/\/encuentroinformativo.com.mx\/index.php?rest_route=%2Fwp%2Fv2%2Fcategories&post=44430"},{"taxonomy":"post_tag","embeddable":true,"href":"https:\/\/encuentroinformativo.com.mx\/index.php?rest_route=%2Fwp%2Fv2%2Ftags&post=44430"}],"curies":[{"name":"wp","href":"https:\/\/api.w.org\/{rel}","templated":true}]}}