{"id":44437,"date":"2023-08-28T20:06:45","date_gmt":"2023-08-29T02:06:45","guid":{"rendered":"https:\/\/encuentroinformativo.com.mx\/?p=44437"},"modified":"2023-08-28T20:06:49","modified_gmt":"2023-08-29T02:06:49","slug":"atiende-sistema-municipal-de-proteccion-civil-afectaciones-por-lluvias","status":"publish","type":"post","link":"https:\/\/encuentroinformativo.com.mx\/?p=44437","title":{"rendered":"Atiende Sistema Municipal de Protecci\u00f3n Civil afectaciones por lluvias"},"content":{"rendered":"\n<p><strong>*Se registr\u00f3 una lluvia acumulada de m\u00e1s de 100 mil\u00edmetros<\/strong><\/p>\n\n\n\n<p>Xalapa, Ver.- Derivado de las fuertes lluvias registradas la tarde de este lunes, el Sistema Municipal de Protecci\u00f3n Civil atendi\u00f3 emergencias en diversas colonias por inundaciones en avenidas, viviendas y deslizamientos de tierra, pues se tuvo una precipitaci\u00f3n pluvial acumulada de m\u00e1s de 100 mil\u00edmetros, inform\u00f3 el director de Protecci\u00f3n Civil, Luis Sardi\u00f1a Salgado.<\/p>\n\n\n\n<p>El funcionario expuso que se atendieron reportes ciudadanos en diferentes colonias, donde se apoy\u00f3 a la poblaci\u00f3n por inundaciones con grupos voluntarios, el Cuerpo de Bomberos de Xalapa, Protecci\u00f3n Civil Estatal y Municipal, y personal de direcciones como Desarrollo Urbano, Obras P\u00fablicas y Medio Ambiente, entre otras.<\/p>\n\n\n\n<p>Adem\u00e1s, en coordinaci\u00f3n con el DIF Municipal se alberg\u00f3 a nueve personas en el refugio temporal de la Aldea Meced. Tambi\u00e9n, con el apoyo de especialistas de la Direcci\u00f3n de Obras P\u00fablicas, se atendieron emergencias por deslizamientos de tierra.<\/p>\n\n\n\n<p>Detall\u00f3 que algunas de las \u00e1reas donde se concentr\u00f3 la precipitaci\u00f3n pluvial fue la zona del R\u00edo Carneros, las avenidas Circuito Presidentes, Arco Sur, la colonia Emiliano Zapata, el per\u00edmetro de Plaza \u00c1nimas y la colindancia con Coatepec y Emiliano Zapata.<\/p>\n\n\n\n<p>El Director de Protecci\u00f3n Civil advirti\u00f3 que es necesario que la poblaci\u00f3n entienda que es fundamental que no se dejen desechos en la v\u00eda p\u00fablica, pues esto causa la obstrucci\u00f3n de drenajes sanitarios y pluviales.<\/p>\n\n\n\n<p>Tambi\u00e9n es muy importante, agreg\u00f3, que no se realicen construcciones en zonas de alto riesgo, ya que se pueden presentar deslizamientos de tierra que provoquen da\u00f1os a las viviendas, pongan en peligro la vida de las personas, el entorno y sus bienes.<\/p>\n\n\n\n<p>De acuerdo con el Organismo de Cuenca Golfo-Centro de la Comisi\u00f3n Nacional del Agua (Conagua), en la Estaci\u00f3n CFE se registr\u00f3 una lluvia acumulada de 115 mil\u00edmetros; en Xalapa Observatorio, 88.7, y en la Estaci\u00f3n Xalapa Crystal, de 71.2.<\/p>\n\n\n\n<p>Finalmente, el funcionario expuso que se espera que las lluvias contin\u00faen durante agosto y septiembre, por lo que la poblaci\u00f3n debe tomar las precauciones necesarias, independientemente de que el Sistema Municipal de Protecci\u00f3n Civil se mantiene pendiente para atender cualquier emergencia.<\/p>\n","protected":false},"excerpt":{"rendered":"<p>*Se registr\u00f3 una lluvia acumulada de m\u00e1s de 100 mil\u00edmetros Xalapa, Ver.- Derivado de las fuertes lluvias registradas la tarde de este lunes, el Sistema Municipal de Protecci\u00f3n Civil atendi\u00f3 emergencias en diversas colonias por inundaciones en avenidas, viviendas y deslizamientos de tierra, pues se tuvo una precipitaci\u00f3n pluvial acumulada de m\u00e1s de 100 mil\u00edmetros, [&hellip;]<\/p>\n","protected":false},"author":2476,"featured_media":44438,"comment_status":"open","ping_status":"open","sticky":false,"template":"","format":"standard","meta":{"_jetpack_memberships_contains_paid_content":false,"footnotes":""},"categories":[3],"tags":[],"class_list":["post-44437","post","type-post","status-publish","format-standard","has-post-thumbnail","hentry","category-xalapa"],"jetpack_featured_media_url":"https:\/\/encuentroinformativo.com.mx\/wp-content\/uploads\/2023\/08\/IMG-20230828-WA0248.jpg","jetpack_sharing_enabled":true,"jetpack_likes_enabled":true,"amp_enabled":true,"_links":{"self":[{"href":"https:\/\/encuentroinformativo.com.mx\/index.php?rest_route=\/wp\/v2\/posts\/44437","targetHints":{"allow":["GET"]}}],"collection":[{"href":"https:\/\/encuentroinformativo.com.mx\/index.php?rest_route=\/wp\/v2\/posts"}],"about":[{"href":"https:\/\/encuentroinformativo.com.mx\/index.php?rest_route=\/wp\/v2\/types\/post"}],"author":[{"embeddable":true,"href":"https:\/\/encuentroinformativo.com.mx\/index.php?rest_route=\/wp\/v2\/users\/2476"}],"replies":[{"embeddable":true,"href":"https:\/\/encuentroinformativo.com.mx\/index.php?rest_route=%2Fwp%2Fv2%2Fcomments&post=44437"}],"version-history":[{"count":1,"href":"https:\/\/encuentroinformativo.com.mx\/index.php?rest_route=\/wp\/v2\/posts\/44437\/revisions"}],"predecessor-version":[{"id":44439,"href":"https:\/\/encuentroinformativo.com.mx\/index.php?rest_route=\/wp\/v2\/posts\/44437\/revisions\/44439"}],"wp:featuredmedia":[{"embeddable":true,"href":"https:\/\/encuentroinformativo.com.mx\/index.php?rest_route=\/wp\/v2\/media\/44438"}],"wp:attachment":[{"href":"https:\/\/encuentroinformativo.com.mx\/index.php?rest_route=%2Fwp%2Fv2%2Fmedia&parent=44437"}],"wp:term":[{"taxonomy":"category","embeddable":true,"href":"https:\/\/encuentroinformativo.com.mx\/index.php?rest_route=%2Fwp%2Fv2%2Fcategories&post=44437"},{"taxonomy":"post_tag","embeddable":true,"href":"https:\/\/encuentroinformativo.com.mx\/index.php?rest_route=%2Fwp%2Fv2%2Ftags&post=44437"}],"curies":[{"name":"wp","href":"https:\/\/api.w.org\/{rel}","templated":true}]}}