{"id":44449,"date":"2023-08-29T10:01:50","date_gmt":"2023-08-29T16:01:50","guid":{"rendered":"https:\/\/encuentroinformativo.com.mx\/?p=44449"},"modified":"2023-08-29T19:05:45","modified_gmt":"2023-08-30T01:05:45","slug":"fallece-gerardo-diaz-secretario-de-salud-en-veracruz","status":"publish","type":"post","link":"https:\/\/encuentroinformativo.com.mx\/?p=44449","title":{"rendered":"Fallece Gerardo D\u00edaz secretario de Salud en Veracruz"},"content":{"rendered":"\n<p><strong>Juan Arcos <\/strong><\/p>\n\n\n\n<p>Xalapa, Ver.- Gerardo D\u00edaz Morales, secretario de Salud de Veracruz, falleci\u00f3 la ma\u00f1ana de este martes 29 de agosto, confirm\u00f3 el gobernador Cuitl\u00e1huac Garc\u00eda Jim\u00e9nez desde su cuenta de redes sociales.<\/p>\n\n\n\n<p>\u201cCon mucho pesar comunicamos el fallecimiento del Dr. Gerardo D\u00edaz Morales, partida que lamentamos profundamente, quien fuera Secretario de Salud, Director de los Servicios de Salud de Veracruz, y prestara su servicio profesional a instituciones de salud p\u00fablica destacadamente. QEPD\u201d, se lee en la publicaci\u00f3n.<\/p>\n\n\n\n<p>El funcionario estatal fue hospitalizado de emergencia el pasado domingo 27 de agosto y su estado de salud fue reportado como grave.<\/p>\n\n\n\n<p>En conferencia de prensa, realizada en Palacio de Gobierno, durante el lunes 28 de agosto, el titular del Poder Ejecutivo en Veracruz indic\u00f3 que el m\u00e9dico fue sometido a una cirug\u00eda hace unas semanas y despu\u00e9s tuvo complicaciones, por lo que debi\u00f3 ser internado de emergencia.<\/p>\n\n\n\n<p>Tambi\u00e9n coment\u00f3 que el funcionario de Salud tuvo una descompensaci\u00f3n muy fuerte y estaba muy delicado de salud. Adem\u00e1s, record\u00f3 que algo que caracterizaba al funcionario estatal era su vocaci\u00f3n de servicio, situaci\u00f3n que se vio reflejada durante la pandemia del coronavirus.<\/p>\n\n\n\n<p>\u201cCon la seriedad y tristeza que no podemos ocultar, donde el secretario tuvo una intervenci\u00f3n quir\u00fargica hace unas semanas, que deriv\u00f3 en una complicaci\u00f3n y el d\u00eda de ayer fue internado de emergencia\u201d, declar\u00f3 en mandatario estatal.<\/p>\n\n\n\n<p><strong>TRAYECTORIA<\/strong><\/p>\n\n\n\n<p>Tras la renuncia de Roberto Ramos Alor como titular de la Secretar\u00eda de Salud, Gerardo D\u00edaz Morales asumi\u00f3 el cargo el 19 de mayo del a\u00f1o pasado.<\/p>\n\n\n\n<p>Gerardo D\u00edaz Morales fue un m\u00e9dico cirujano de profesi\u00f3n egresado de la Universidad Veracruzana (UV). Se gradu\u00f3 en el a\u00f1o de 1982. Durante el actual sexenio fue cercano al gobernador Cuitl\u00e1huac Garc\u00eda Jim\u00e9nez, incluso fungi\u00f3 como su asesor y representante en diversos actos p\u00fablicos.<\/p>\n\n\n\n<p>Tambi\u00e9n fue asesor m\u00e9dico en la Subsecretar\u00eda de Salud de los Servicios de Salud en Veracruz, en el periodo de 2013-2017. Se desempe\u00f1\u00f3 como Coordinador de Asesores de la Oficina del Gobernador, durante el periodo 2018-2022.<\/p>\n\n\n\n<p>Tambi\u00e9n fue representante del Gobierno del Estado ante el Consejo Directivo de la Comisi\u00f3n de Arbitraje M\u00e9dico de Veracruz del a\u00f1o 2020 al 2022.<\/p>\n","protected":false},"excerpt":{"rendered":"<p>Juan Arcos Xalapa, Ver.- Gerardo D\u00edaz Morales, secretario de Salud de Veracruz, falleci\u00f3 la ma\u00f1ana de este martes 29 de agosto, confirm\u00f3 el gobernador Cuitl\u00e1huac Garc\u00eda Jim\u00e9nez desde su cuenta de redes sociales. \u201cCon mucho pesar comunicamos el fallecimiento del Dr. Gerardo D\u00edaz Morales, partida que lamentamos profundamente, quien fuera Secretario de Salud, Director de [&hellip;]<\/p>\n","protected":false},"author":2476,"featured_media":44450,"comment_status":"open","ping_status":"open","sticky":false,"template":"","format":"standard","meta":{"_jetpack_memberships_contains_paid_content":false,"footnotes":""},"categories":[9],"tags":[],"class_list":["post-44449","post","type-post","status-publish","format-standard","has-post-thumbnail","hentry","category-salud"],"jetpack_featured_media_url":"https:\/\/encuentroinformativo.com.mx\/wp-content\/uploads\/2023\/08\/Screenshot_20230829-0955382.png","jetpack_sharing_enabled":true,"jetpack_likes_enabled":true,"amp_enabled":true,"_links":{"self":[{"href":"https:\/\/encuentroinformativo.com.mx\/index.php?rest_route=\/wp\/v2\/posts\/44449","targetHints":{"allow":["GET"]}}],"collection":[{"href":"https:\/\/encuentroinformativo.com.mx\/index.php?rest_route=\/wp\/v2\/posts"}],"about":[{"href":"https:\/\/encuentroinformativo.com.mx\/index.php?rest_route=\/wp\/v2\/types\/post"}],"author":[{"embeddable":true,"href":"https:\/\/encuentroinformativo.com.mx\/index.php?rest_route=\/wp\/v2\/users\/2476"}],"replies":[{"embeddable":true,"href":"https:\/\/encuentroinformativo.com.mx\/index.php?rest_route=%2Fwp%2Fv2%2Fcomments&post=44449"}],"version-history":[{"count":2,"href":"https:\/\/encuentroinformativo.com.mx\/index.php?rest_route=\/wp\/v2\/posts\/44449\/revisions"}],"predecessor-version":[{"id":44505,"href":"https:\/\/encuentroinformativo.com.mx\/index.php?rest_route=\/wp\/v2\/posts\/44449\/revisions\/44505"}],"wp:featuredmedia":[{"embeddable":true,"href":"https:\/\/encuentroinformativo.com.mx\/index.php?rest_route=\/wp\/v2\/media\/44450"}],"wp:attachment":[{"href":"https:\/\/encuentroinformativo.com.mx\/index.php?rest_route=%2Fwp%2Fv2%2Fmedia&parent=44449"}],"wp:term":[{"taxonomy":"category","embeddable":true,"href":"https:\/\/encuentroinformativo.com.mx\/index.php?rest_route=%2Fwp%2Fv2%2Fcategories&post=44449"},{"taxonomy":"post_tag","embeddable":true,"href":"https:\/\/encuentroinformativo.com.mx\/index.php?rest_route=%2Fwp%2Fv2%2Ftags&post=44449"}],"curies":[{"name":"wp","href":"https:\/\/api.w.org\/{rel}","templated":true}]}}