{"id":44452,"date":"2023-08-29T10:08:57","date_gmt":"2023-08-29T16:08:57","guid":{"rendered":"https:\/\/encuentroinformativo.com.mx\/?p=44452"},"modified":"2023-08-29T10:09:01","modified_gmt":"2023-08-29T16:09:01","slug":"atendio-ricardo-ahued-a-vecinos-de-la-colonia-zapata","status":"publish","type":"post","link":"https:\/\/encuentroinformativo.com.mx\/?p=44452","title":{"rendered":"Atendi\u00f3 Ricardo Ahued a vecinos de la colonia Zapata"},"content":{"rendered":"\n<p>Xalapa, Ver.- El presidente municipal Ricardo Ahued Bardahuil atendi\u00f3 a vecinas y vecinos de la colonia Emiliano Zapata, quienes sufrieron afectaciones en sus viviendas por las lluvias registradas la tarde de este lunes.<\/p>\n\n\n\n<p>Tras el recorrido que llev\u00f3 a cabo casa por casa para escuchar las necesidades y planteamientos de los colonos, \u00e9stos levantaron el bloqueo que manten\u00edan en Circuito Presidentes y la calle \u00c1ngel Carvajal.<\/p>\n\n\n\n<p>Asistieron los directores de Protecci\u00f3n Civil, Luis Sardi\u00f1a Salgado y de Participaci\u00f3n Ciudadana, Juan Mar\u00edn Viveros; personal de las direcciones de Seguridad Ciudadana y Tr\u00e1nsito Municipal, Protecci\u00f3n Civil y Obras P\u00fablicas.<\/p>\n\n\n\n<figure class=\"wp-block-image size-large\"><img loading=\"lazy\" decoding=\"async\" width=\"1024\" height=\"683\" src=\"https:\/\/encuentroinformativo.com.mx\/wp-content\/uploads\/2023\/08\/IMG-20230829-WA00062-1024x683.jpg\" alt=\"\" class=\"wp-image-44454\" srcset=\"https:\/\/encuentroinformativo.com.mx\/wp-content\/uploads\/2023\/08\/IMG-20230829-WA00062-1024x683.jpg 1024w, https:\/\/encuentroinformativo.com.mx\/wp-content\/uploads\/2023\/08\/IMG-20230829-WA00062-300x200.jpg 300w, https:\/\/encuentroinformativo.com.mx\/wp-content\/uploads\/2023\/08\/IMG-20230829-WA00062-768x512.jpg 768w, https:\/\/encuentroinformativo.com.mx\/wp-content\/uploads\/2023\/08\/IMG-20230829-WA00062.jpg 1531w\" sizes=\"auto, (max-width: 1024px) 100vw, 1024px\" \/><\/figure>\n","protected":false},"excerpt":{"rendered":"<p>Xalapa, Ver.- El presidente municipal Ricardo Ahued Bardahuil atendi\u00f3 a vecinas y vecinos de la colonia Emiliano Zapata, quienes sufrieron afectaciones en sus viviendas por las lluvias registradas la tarde de este lunes. Tras el recorrido que llev\u00f3 a cabo casa por casa para escuchar las necesidades y planteamientos de los colonos, \u00e9stos levantaron el [&hellip;]<\/p>\n","protected":false},"author":2476,"featured_media":44453,"comment_status":"open","ping_status":"open","sticky":false,"template":"","format":"standard","meta":{"_jetpack_memberships_contains_paid_content":false,"footnotes":""},"categories":[3],"tags":[],"class_list":["post-44452","post","type-post","status-publish","format-standard","has-post-thumbnail","hentry","category-xalapa"],"jetpack_featured_media_url":"https:\/\/encuentroinformativo.com.mx\/wp-content\/uploads\/2023\/08\/IMG-20230829-WA00073.jpg","jetpack_sharing_enabled":true,"jetpack_likes_enabled":true,"amp_enabled":true,"_links":{"self":[{"href":"https:\/\/encuentroinformativo.com.mx\/index.php?rest_route=\/wp\/v2\/posts\/44452","targetHints":{"allow":["GET"]}}],"collection":[{"href":"https:\/\/encuentroinformativo.com.mx\/index.php?rest_route=\/wp\/v2\/posts"}],"about":[{"href":"https:\/\/encuentroinformativo.com.mx\/index.php?rest_route=\/wp\/v2\/types\/post"}],"author":[{"embeddable":true,"href":"https:\/\/encuentroinformativo.com.mx\/index.php?rest_route=\/wp\/v2\/users\/2476"}],"replies":[{"embeddable":true,"href":"https:\/\/encuentroinformativo.com.mx\/index.php?rest_route=%2Fwp%2Fv2%2Fcomments&post=44452"}],"version-history":[{"count":1,"href":"https:\/\/encuentroinformativo.com.mx\/index.php?rest_route=\/wp\/v2\/posts\/44452\/revisions"}],"predecessor-version":[{"id":44455,"href":"https:\/\/encuentroinformativo.com.mx\/index.php?rest_route=\/wp\/v2\/posts\/44452\/revisions\/44455"}],"wp:featuredmedia":[{"embeddable":true,"href":"https:\/\/encuentroinformativo.com.mx\/index.php?rest_route=\/wp\/v2\/media\/44453"}],"wp:attachment":[{"href":"https:\/\/encuentroinformativo.com.mx\/index.php?rest_route=%2Fwp%2Fv2%2Fmedia&parent=44452"}],"wp:term":[{"taxonomy":"category","embeddable":true,"href":"https:\/\/encuentroinformativo.com.mx\/index.php?rest_route=%2Fwp%2Fv2%2Fcategories&post=44452"},{"taxonomy":"post_tag","embeddable":true,"href":"https:\/\/encuentroinformativo.com.mx\/index.php?rest_route=%2Fwp%2Fv2%2Ftags&post=44452"}],"curies":[{"name":"wp","href":"https:\/\/api.w.org\/{rel}","templated":true}]}}