{"id":44456,"date":"2023-08-29T11:49:02","date_gmt":"2023-08-29T17:49:02","guid":{"rendered":"https:\/\/encuentroinformativo.com.mx\/?p=44456"},"modified":"2023-08-29T11:49:06","modified_gmt":"2023-08-29T17:49:06","slug":"aprueba-gobierno-federal-inversion-en-bulevar-de-boca-del-rio-alcalde","status":"publish","type":"post","link":"https:\/\/encuentroinformativo.com.mx\/?p=44456","title":{"rendered":"Aprueba Gobierno Federal inversi\u00f3n en bulevar de Boca del R\u00edo: Alcalde"},"content":{"rendered":"\n<p><strong>Alejandro \u00c1vila<\/strong><\/p>\n\n\n\n<p>Boca del R\u00edo, Ver.- El Gobierno Federal aprob\u00f3 la inversi\u00f3n de un importante suma de dinero para el rescate de una zona del bulevard de Boca del R\u00edo que se encuentra al borde de socavar, inform\u00f3 el alcalde, Juan Manuel Unanue Abascal.<\/p>\n\n\n\n<p>El panista record\u00f3 que inici\u00f3 las gestiones hace 18 meses, dos meses despu\u00e9s de haber tomado posesi\u00f3n en el cargo.<\/p>\n\n\n\n<p>Juan Manuel Unanue dijo que expuso en un comunicado al Gobierno Federal la urgencia de contar con escolleras en el bulevard &#8220;Manuel \u00c1vila Camacho&#8221;, a la altura de la intersecci\u00f3n con el bulevard &#8220;Adolfo Ruiz Cortines&#8221;.<\/p>\n\n\n\n<p>&#8220;Ya tuvimos respuesta, ya nosotros estamos por entregar un proyecto para que Capitan\u00eda del Puerto y Secretar\u00eda de Marina hagan las escolleras, lo van a hacer. Nada m\u00e1s necesitamos entregar un proyecto que nosotros mandamos a hacer, para que el Gobierno Federal a trav\u00e9s de las dependencias ya antes mencionadas act\u00faen, ese es un tema bastante relevante porque se est\u00e1 socavando el bulevar (\u2026) no la tenemos todav\u00eda pero no es una inversi\u00f3n menor&#8221;, subray\u00f3.<\/p>\n\n\n\n<p>Aunado a ello, mencion\u00f3 que, desde el 2022 se encuentran gestionando la reparaci\u00f3n del puente que cruza el r\u00edo Jamapa y que traslada a los ciudadanos de Boca del R\u00edo hacia los municipios de Alvarado o Medell\u00edn de Bravo.<\/p>\n\n\n\n<p>&#8220;Es una solicitud generalizada, no nada m\u00e1s para habitantes de Boca del R\u00edo, sino de toda esta zona del estado. Hicimos una gesti\u00f3n tambi\u00e9n para el encarpetamiento de aqu\u00ed de esta zona pasando el puente de Boca del R\u00edo, del mismo puente del lado sur, porque est\u00e1 lleno de baches y le corresponde a SCT, tuvimos una respuesta positiva y en estos pr\u00f3ximos d\u00edas se supone que empiezan a reencarpetar&#8221;, culmin\u00f3.<\/p>\n","protected":false},"excerpt":{"rendered":"<p>Alejandro \u00c1vila Boca del R\u00edo, Ver.- El Gobierno Federal aprob\u00f3 la inversi\u00f3n de un importante suma de dinero para el rescate de una zona del bulevard de Boca del R\u00edo que se encuentra al borde de socavar, inform\u00f3 el alcalde, Juan Manuel Unanue Abascal. El panista record\u00f3 que inici\u00f3 las gestiones hace 18 meses, dos [&hellip;]<\/p>\n","protected":false},"author":2476,"featured_media":44457,"comment_status":"open","ping_status":"open","sticky":false,"template":"","format":"standard","meta":{"_jetpack_memberships_contains_paid_content":false,"footnotes":""},"categories":[2],"tags":[],"class_list":["post-44456","post","type-post","status-publish","format-standard","has-post-thumbnail","hentry","category-estado"],"jetpack_featured_media_url":"https:\/\/encuentroinformativo.com.mx\/wp-content\/uploads\/2023\/08\/IMG-20230829-WA00412.jpg","jetpack_sharing_enabled":true,"jetpack_likes_enabled":true,"amp_enabled":true,"_links":{"self":[{"href":"https:\/\/encuentroinformativo.com.mx\/index.php?rest_route=\/wp\/v2\/posts\/44456","targetHints":{"allow":["GET"]}}],"collection":[{"href":"https:\/\/encuentroinformativo.com.mx\/index.php?rest_route=\/wp\/v2\/posts"}],"about":[{"href":"https:\/\/encuentroinformativo.com.mx\/index.php?rest_route=\/wp\/v2\/types\/post"}],"author":[{"embeddable":true,"href":"https:\/\/encuentroinformativo.com.mx\/index.php?rest_route=\/wp\/v2\/users\/2476"}],"replies":[{"embeddable":true,"href":"https:\/\/encuentroinformativo.com.mx\/index.php?rest_route=%2Fwp%2Fv2%2Fcomments&post=44456"}],"version-history":[{"count":1,"href":"https:\/\/encuentroinformativo.com.mx\/index.php?rest_route=\/wp\/v2\/posts\/44456\/revisions"}],"predecessor-version":[{"id":44458,"href":"https:\/\/encuentroinformativo.com.mx\/index.php?rest_route=\/wp\/v2\/posts\/44456\/revisions\/44458"}],"wp:featuredmedia":[{"embeddable":true,"href":"https:\/\/encuentroinformativo.com.mx\/index.php?rest_route=\/wp\/v2\/media\/44457"}],"wp:attachment":[{"href":"https:\/\/encuentroinformativo.com.mx\/index.php?rest_route=%2Fwp%2Fv2%2Fmedia&parent=44456"}],"wp:term":[{"taxonomy":"category","embeddable":true,"href":"https:\/\/encuentroinformativo.com.mx\/index.php?rest_route=%2Fwp%2Fv2%2Fcategories&post=44456"},{"taxonomy":"post_tag","embeddable":true,"href":"https:\/\/encuentroinformativo.com.mx\/index.php?rest_route=%2Fwp%2Fv2%2Ftags&post=44456"}],"curies":[{"name":"wp","href":"https:\/\/api.w.org\/{rel}","templated":true}]}}