{"id":44459,"date":"2023-08-29T12:03:48","date_gmt":"2023-08-29T18:03:48","guid":{"rendered":"https:\/\/encuentroinformativo.com.mx\/?p=44459"},"modified":"2023-08-29T12:03:53","modified_gmt":"2023-08-29T18:03:53","slug":"aplican-plan-dn-iii-e-en-veracruz-y-xalapa","status":"publish","type":"post","link":"https:\/\/encuentroinformativo.com.mx\/?p=44459","title":{"rendered":"Aplican PLAN DN-III-E en Veracruz y Xalapa"},"content":{"rendered":"\n<p><strong>Juan Arcos <\/strong><\/p>\n\n\n\n<p>Xalapa, Ver.- El Ej\u00e9rcito Mexicano activ\u00f3 el Plan DN-III-E por las afectaciones en las ciudades de Xalapa y Veracruz tras las fuertes lluvias registradas en la entidad durante la tarde del lunes 28 de agosto.<\/p>\n\n\n\n<p>As\u00ed lo inform\u00f3 la 26 Zona Militar con sede en la localidad El Lencero, municipio de Emiliano Zapata, en la conurbaci\u00f3n con la capital veracruzana.<\/p>\n\n\n\n<p>Las fuerzas armadas auxiliaron a las familias que restauraron afectadas por las intensas precipitaciones registradas en la zona centro del estado.<\/p>\n\n\n\n<p>En la ciudad de Xalapa se reportaron los mayores da\u00f1os con al menos 21 colonias afectadas por inundaciones en viviendas y plazas comerciales, as\u00ed como anegamientos en calles y avenidas, donde quedaron veh\u00edculos casi bajo el agua.<\/p>\n\n\n\n<p>Los elementos del Ej\u00e9rcito Mexicano a\u00fan mantienen coordinaci\u00f3n con las autoridades municipales y estatales para ayudar a las personas que reportan da\u00f1os en sus viviendas por el ingreso de lodo<\/p>\n\n\n\n<p>Adem\u00e1s, se mantienen atentos a la vigilancia ante las pr\u00f3ximas lluvias que pudieran registrarse en la entidad veracruzana.<\/p>\n\n\n\n<p>El personal llev\u00f3 a cabo labores de limpieza y tambi\u00e9n verific\u00f3 las condiciones de salud de las personas afectadas.<\/p>\n\n\n\n<p>La titular de PC estatal, Guadalupe Osorno Maldonado, indic\u00f3 que hubo encharcamientos en 21 colonias, principalmente en vialidades, donde equipos de PC Estatal realizan recorridos con fuerzas locales y federales para la corroboraci\u00f3n y atenci\u00f3n de posibles afectaciones en la capital.<\/p>\n\n\n\n<p>La Secretar\u00eda de Seguridad P\u00fablica (SSP) tambi\u00e9n activ\u00f3 el Plan Taj\u00edn y los polic\u00edas estatales brindaron apoyo a automovilistas y a la ciudadan\u00eda afectada por las inundaciones en diversas colonias de la ciudad.<\/p>\n\n\n\n<p>Se habla de afectaciones en diversas colonias de Xalapa: Encinal, Arroyo Blanco, Benito Ju\u00e1rez, Buena Vista, Francisco Ferrer Guardia, Los Laureles, Lomas Verdes, Isleta, Emiliano Zapata y Jardines de las \u00c1nimas, por mencionar algunas.<\/p>\n","protected":false},"excerpt":{"rendered":"<p>Juan Arcos Xalapa, Ver.- El Ej\u00e9rcito Mexicano activ\u00f3 el Plan DN-III-E por las afectaciones en las ciudades de Xalapa y Veracruz tras las fuertes lluvias registradas en la entidad durante la tarde del lunes 28 de agosto. As\u00ed lo inform\u00f3 la 26 Zona Militar con sede en la localidad El Lencero, municipio de Emiliano Zapata, [&hellip;]<\/p>\n","protected":false},"author":2476,"featured_media":44460,"comment_status":"open","ping_status":"open","sticky":false,"template":"","format":"standard","meta":{"_jetpack_memberships_contains_paid_content":false,"footnotes":""},"categories":[2],"tags":[],"class_list":["post-44459","post","type-post","status-publish","format-standard","has-post-thumbnail","hentry","category-estado"],"jetpack_featured_media_url":"https:\/\/encuentroinformativo.com.mx\/wp-content\/uploads\/2023\/08\/f59acd5a-d1de-497e-b94a-bebd84a23979.jpg","jetpack_sharing_enabled":true,"jetpack_likes_enabled":true,"amp_enabled":true,"_links":{"self":[{"href":"https:\/\/encuentroinformativo.com.mx\/index.php?rest_route=\/wp\/v2\/posts\/44459","targetHints":{"allow":["GET"]}}],"collection":[{"href":"https:\/\/encuentroinformativo.com.mx\/index.php?rest_route=\/wp\/v2\/posts"}],"about":[{"href":"https:\/\/encuentroinformativo.com.mx\/index.php?rest_route=\/wp\/v2\/types\/post"}],"author":[{"embeddable":true,"href":"https:\/\/encuentroinformativo.com.mx\/index.php?rest_route=\/wp\/v2\/users\/2476"}],"replies":[{"embeddable":true,"href":"https:\/\/encuentroinformativo.com.mx\/index.php?rest_route=%2Fwp%2Fv2%2Fcomments&post=44459"}],"version-history":[{"count":1,"href":"https:\/\/encuentroinformativo.com.mx\/index.php?rest_route=\/wp\/v2\/posts\/44459\/revisions"}],"predecessor-version":[{"id":44461,"href":"https:\/\/encuentroinformativo.com.mx\/index.php?rest_route=\/wp\/v2\/posts\/44459\/revisions\/44461"}],"wp:featuredmedia":[{"embeddable":true,"href":"https:\/\/encuentroinformativo.com.mx\/index.php?rest_route=\/wp\/v2\/media\/44460"}],"wp:attachment":[{"href":"https:\/\/encuentroinformativo.com.mx\/index.php?rest_route=%2Fwp%2Fv2%2Fmedia&parent=44459"}],"wp:term":[{"taxonomy":"category","embeddable":true,"href":"https:\/\/encuentroinformativo.com.mx\/index.php?rest_route=%2Fwp%2Fv2%2Fcategories&post=44459"},{"taxonomy":"post_tag","embeddable":true,"href":"https:\/\/encuentroinformativo.com.mx\/index.php?rest_route=%2Fwp%2Fv2%2Ftags&post=44459"}],"curies":[{"name":"wp","href":"https:\/\/api.w.org\/{rel}","templated":true}]}}