{"id":44470,"date":"2023-08-29T14:50:36","date_gmt":"2023-08-29T20:50:36","guid":{"rendered":"https:\/\/encuentroinformativo.com.mx\/?p=44470"},"modified":"2023-08-29T14:50:40","modified_gmt":"2023-08-29T20:50:40","slug":"familiares-y-abogado-reclaman-justicia-para-fabian-n-es-inocente-senalan","status":"publish","type":"post","link":"https:\/\/encuentroinformativo.com.mx\/?p=44470","title":{"rendered":"Familiares y abogado, reclaman justicia para Fabi\u00e1n N; es inocente, se\u00f1alan"},"content":{"rendered":"\n<p><strong>Dar\u00edo Pale <\/strong><\/p>\n\n\n\n<p>Xalapa, Ver.- El abogado Fidel Mart\u00ednez Lezama acus\u00f3 a las autoridades por no emitir una sentencia firme pese a que el acusado lleva m\u00e1s de un a\u00f1o preso, el presidente municipal electo de Lerdo de Tejada, Jorge Fabi\u00e1n C\u00e1rdenas Sosa, por lo que exigieron justicia y solicitaron la intervenci\u00f3n del gobierno para que sea puesto en libertad.<\/p>\n\n\n\n<p>Dio a conocer que un juez ya cit\u00f3 a una nueva audiencia el pr\u00f3ximo 7 de septiembre, aunque no descart\u00f3 que se difiera de forma inexplicable, tal y como sucedi\u00f3 con las audiencias de etapa intermedia, por lo que exigi\u00f3 que las autoridades den cumplimiento a la garant\u00eda individual de ser sentenciado en menos de un a\u00f1o.<\/p>\n\n\n\n<p>&#8220;Nosotros queremos juicio, necesitamos que se celebre el juicio para que en ese momento se pueda demostrar la inocencia total&#8221;, se\u00f1al\u00f3.<\/p>\n\n\n\n<p>Por otra parte la se\u00f1ora Flor Mar\u00eda de Jes\u00fas Sosa Zamudio, madre del morenista y diputada local suplente, record\u00f3 que su hijo lleva 20 meses encarcelado, actualmente se encuentra en un CEFERESO de Durango, acusado por los presuntos delitos de secuestro agravado y secuestro equiparado.<\/p>\n\n\n\n<p>Reiter\u00f3 que Jorge Fabi\u00e1n es inocente y no existen pruebas ni v\u00edctimas de los delitos que le imputan, por lo que exigi\u00f3 que las autoridades dejen de dar largas a su proceso y sea puesto en libertad.<\/p>\n\n\n\n<p>&#8220;Durante este tiempo el Tribunal Superior de Justicia y la Fiscal\u00eda destruyeron la vida de mi hijo, al perseguirlo dinamitando su n\u00facleo familiar y social. Devastaron su proyecto empresarial (&#8230;) y le arrebataron la genuina aspiraci\u00f3n de ser alcalde del municipio de Lerdo de Tejada ya que gan\u00f3 por Morena en el 2021 este derecho en las urnas&#8221;, coment\u00f3.<\/p>\n\n\n\n<p>Finalmente la se\u00f1ora Flor Mar\u00eda de Jes\u00fas coment\u00f3, &#8220;hoy vengo a manifestar de una manera lisa y llana y de manera en\u00e9rgica que mi hijo es inocente. No hay delitos, no hay v\u00edctimas, no hay se\u00f1alamientos&#8221;, agreg\u00f3 Flor Mar\u00eda de Jes\u00fas.<\/p>\n","protected":false},"excerpt":{"rendered":"<p>Dar\u00edo Pale Xalapa, Ver.- El abogado Fidel Mart\u00ednez Lezama acus\u00f3 a las autoridades por no emitir una sentencia firme pese a que el acusado lleva m\u00e1s de un a\u00f1o preso, el presidente municipal electo de Lerdo de Tejada, Jorge Fabi\u00e1n C\u00e1rdenas Sosa, por lo que exigieron justicia y solicitaron la intervenci\u00f3n del gobierno para que [&hellip;]<\/p>\n","protected":false},"author":2476,"featured_media":44471,"comment_status":"open","ping_status":"open","sticky":false,"template":"","format":"standard","meta":{"_jetpack_memberships_contains_paid_content":false,"footnotes":""},"categories":[2],"tags":[],"class_list":["post-44470","post","type-post","status-publish","format-standard","has-post-thumbnail","hentry","category-estado"],"jetpack_featured_media_url":"https:\/\/encuentroinformativo.com.mx\/wp-content\/uploads\/2023\/08\/IMG-20230829-WA0056.jpg","jetpack_sharing_enabled":true,"jetpack_likes_enabled":true,"amp_enabled":true,"_links":{"self":[{"href":"https:\/\/encuentroinformativo.com.mx\/index.php?rest_route=\/wp\/v2\/posts\/44470","targetHints":{"allow":["GET"]}}],"collection":[{"href":"https:\/\/encuentroinformativo.com.mx\/index.php?rest_route=\/wp\/v2\/posts"}],"about":[{"href":"https:\/\/encuentroinformativo.com.mx\/index.php?rest_route=\/wp\/v2\/types\/post"}],"author":[{"embeddable":true,"href":"https:\/\/encuentroinformativo.com.mx\/index.php?rest_route=\/wp\/v2\/users\/2476"}],"replies":[{"embeddable":true,"href":"https:\/\/encuentroinformativo.com.mx\/index.php?rest_route=%2Fwp%2Fv2%2Fcomments&post=44470"}],"version-history":[{"count":1,"href":"https:\/\/encuentroinformativo.com.mx\/index.php?rest_route=\/wp\/v2\/posts\/44470\/revisions"}],"predecessor-version":[{"id":44472,"href":"https:\/\/encuentroinformativo.com.mx\/index.php?rest_route=\/wp\/v2\/posts\/44470\/revisions\/44472"}],"wp:featuredmedia":[{"embeddable":true,"href":"https:\/\/encuentroinformativo.com.mx\/index.php?rest_route=\/wp\/v2\/media\/44471"}],"wp:attachment":[{"href":"https:\/\/encuentroinformativo.com.mx\/index.php?rest_route=%2Fwp%2Fv2%2Fmedia&parent=44470"}],"wp:term":[{"taxonomy":"category","embeddable":true,"href":"https:\/\/encuentroinformativo.com.mx\/index.php?rest_route=%2Fwp%2Fv2%2Fcategories&post=44470"},{"taxonomy":"post_tag","embeddable":true,"href":"https:\/\/encuentroinformativo.com.mx\/index.php?rest_route=%2Fwp%2Fv2%2Ftags&post=44470"}],"curies":[{"name":"wp","href":"https:\/\/api.w.org\/{rel}","templated":true}]}}