{"id":44483,"date":"2023-08-29T17:03:27","date_gmt":"2023-08-29T23:03:27","guid":{"rendered":"https:\/\/encuentroinformativo.com.mx\/?p=44483"},"modified":"2023-08-29T17:03:30","modified_gmt":"2023-08-29T23:03:30","slug":"desapariciones-siguen-al-alza-colectivos","status":"publish","type":"post","link":"https:\/\/encuentroinformativo.com.mx\/?p=44483","title":{"rendered":"Desapariciones siguen al alza: Colectivos"},"content":{"rendered":"\n<p><strong>Juan Arcos <\/strong><\/p>\n\n\n\n<p>Xalapa, Ver.- Las desapariciones de personas han aumentado durante este a\u00f1o en el estado de Veracruz, consideraron integrantes de colectivos de b\u00fasqueda.<\/p>\n\n\n\n<p>El mi\u00e9rcoles 30 de agosto se conmemora el D\u00eda Internacional de las V\u00edctimas de Desapariciones Forzadas. Por ello, familiares de las v\u00edctimas saldr\u00e1n a las calles para manifestarse en distintas ciudades del pa\u00eds.<\/p>\n\n\n\n<p>De acuerdo con \u00d3scar Espino V\u00e1zquez, asesor del colectivo \u201cBuscando a nuestros desaparecidos y desaparecidas Veracruz\u201d, la zona norte de Veracruz es foco rojo por desapariciones forzadas.<\/p>\n\n\n\n<p>Record\u00f3 que hay nueve bandas del crimen organizado que operan en la zona norte del estado, en los municipios de Poza Rica, Tihuatl\u00e1n, Papantla y Coatzintla, por mencionar algunos.<\/p>\n\n\n\n<p>Tambi\u00e9n mencion\u00f3 que desde el a\u00f1o pasado se ha reportado el hallazgo de cuerpos emplayados en la zona de Poza Rica y actualmente estos casos contin\u00faan ocurriendo, pese a que las autoridades han presumido el desmantelamiento de bandas delictivas.<\/p>\n\n\n\n<p>El pasado 13 de agosto fueron encontrados cuerpos cercenados al interior de congeladores en dos casas de seguridad: una sobre la calle Azalea, de la colonia Jardines de Poza Rica y la otra en la calle Guti\u00e9rrez Zamora, de la colonia \u00d3scar Torres Pancardo.<\/p>\n\n\n\n<p>Los familiares de desaparecidos han protestado con frecuencia en Xalapa para exigir la aparici\u00f3n con vida de sus seres queridos, muchos de ellos que est\u00e1n desaparecidos desde hace m\u00e1s de diez a\u00f1os.<\/p>\n\n\n\n<p>El colectivo Familiares Enlaces Xalapa convoca a movilizaciones este mi\u00e9rcoles 30 de agosto en la capital veracruzana. A las 9:30 horas, los familiares de desaparecidos se concentrar\u00e1n en Plaza Sebasti\u00e1n Lerdo de Tejada para despu\u00e9s marchar con direcci\u00f3n al Memorial de los Desaparecidos, ubicado en la glorieta de las avenida Orizaba y Xalapa.<\/p>\n\n\n\n<p>All\u00ed se se llevar\u00e1 a cabo una exposici\u00f3n de fotograf\u00edas de sus desaparecidos, para recordar a las autoridades estatales que las investigaciones no avanzan para dar con su paradero.<\/p>\n\n\n\n<p>Adem\u00e1s, a las seis de la tarde, se realizar\u00e1 la proyecci\u00f3n de cortometrajes sobre casos de desaparici\u00f3n en el centro cultural Tierra Luna, ubicado sobre la calle Ray\u00f3n, entre Diego Le\u00f1o y Bremont, en la zona centro de Xalapa.<\/p>\n","protected":false},"excerpt":{"rendered":"<p>Juan Arcos Xalapa, Ver.- Las desapariciones de personas han aumentado durante este a\u00f1o en el estado de Veracruz, consideraron integrantes de colectivos de b\u00fasqueda. El mi\u00e9rcoles 30 de agosto se conmemora el D\u00eda Internacional de las V\u00edctimas de Desapariciones Forzadas. Por ello, familiares de las v\u00edctimas saldr\u00e1n a las calles para manifestarse en distintas ciudades [&hellip;]<\/p>\n","protected":false},"author":2476,"featured_media":44484,"comment_status":"open","ping_status":"open","sticky":false,"template":"","format":"standard","meta":{"_jetpack_memberships_contains_paid_content":false,"footnotes":""},"categories":[2],"tags":[],"class_list":["post-44483","post","type-post","status-publish","format-standard","has-post-thumbnail","hentry","category-estado"],"jetpack_featured_media_url":"https:\/\/encuentroinformativo.com.mx\/wp-content\/uploads\/2023\/08\/IMG_8382.jpg","jetpack_sharing_enabled":true,"jetpack_likes_enabled":true,"amp_enabled":true,"_links":{"self":[{"href":"https:\/\/encuentroinformativo.com.mx\/index.php?rest_route=\/wp\/v2\/posts\/44483","targetHints":{"allow":["GET"]}}],"collection":[{"href":"https:\/\/encuentroinformativo.com.mx\/index.php?rest_route=\/wp\/v2\/posts"}],"about":[{"href":"https:\/\/encuentroinformativo.com.mx\/index.php?rest_route=\/wp\/v2\/types\/post"}],"author":[{"embeddable":true,"href":"https:\/\/encuentroinformativo.com.mx\/index.php?rest_route=\/wp\/v2\/users\/2476"}],"replies":[{"embeddable":true,"href":"https:\/\/encuentroinformativo.com.mx\/index.php?rest_route=%2Fwp%2Fv2%2Fcomments&post=44483"}],"version-history":[{"count":1,"href":"https:\/\/encuentroinformativo.com.mx\/index.php?rest_route=\/wp\/v2\/posts\/44483\/revisions"}],"predecessor-version":[{"id":44485,"href":"https:\/\/encuentroinformativo.com.mx\/index.php?rest_route=\/wp\/v2\/posts\/44483\/revisions\/44485"}],"wp:featuredmedia":[{"embeddable":true,"href":"https:\/\/encuentroinformativo.com.mx\/index.php?rest_route=\/wp\/v2\/media\/44484"}],"wp:attachment":[{"href":"https:\/\/encuentroinformativo.com.mx\/index.php?rest_route=%2Fwp%2Fv2%2Fmedia&parent=44483"}],"wp:term":[{"taxonomy":"category","embeddable":true,"href":"https:\/\/encuentroinformativo.com.mx\/index.php?rest_route=%2Fwp%2Fv2%2Fcategories&post=44483"},{"taxonomy":"post_tag","embeddable":true,"href":"https:\/\/encuentroinformativo.com.mx\/index.php?rest_route=%2Fwp%2Fv2%2Ftags&post=44483"}],"curies":[{"name":"wp","href":"https:\/\/api.w.org\/{rel}","templated":true}]}}