{"id":44496,"date":"2023-08-29T17:27:08","date_gmt":"2023-08-29T23:27:08","guid":{"rendered":"https:\/\/encuentroinformativo.com.mx\/?p=44496"},"modified":"2023-08-29T17:27:12","modified_gmt":"2023-08-29T23:27:12","slug":"con-strauss-osx-celebro-10-anos-de-sala-tlaqna","status":"publish","type":"post","link":"https:\/\/encuentroinformativo.com.mx\/?p=44496","title":{"rendered":"Con Strauss, OSX celebr\u00f3 10 a\u00f1os de sala Tlaqn\u00e1"},"content":{"rendered":"\n<p><strong>Eirinet G\u00f3mez<\/strong><\/p>\n\n\n\n<p>Xalapa, Ver.- Con canciones provenientes del romanticismo germ\u00e1nico de Richard Strauss, la Orquesta Sinf\u00f3nica de Xalapa (OSX) de la Universidad Veracruzana (UV) celebr\u00f3 el d\u00e9cimo aniversario de Tlaqn\u00e1, Centro Cultural, un recinto construido expresamente para la m\u00fasica sinf\u00f3nica, que abri\u00f3 sus puertas al p\u00fablico el 23 de agosto del 2013.<\/p>\n\n\n\n<p>La velada arranc\u00f3 con la primera interpretaci\u00f3n en Xalapa de los Cuatro interludios sinf\u00f3nicos de la \u00f3pera Intermezzo, Op. 72: Reisefieber Und Walzerszene, Tr\u00e4umerei Am Kamin, AM Spieltisch, y Fr\u00f6hlicher Beschluss, bajo la direcci\u00f3n de Martin Lebel.<\/p>\n\n\n\n<p>Herminio S\u00e1nchez de la Barquera Arroyo, licenciado en M\u00fasica por el Conservatorio de N\u00faremberg, apunta que en el estreno de esta obra en noviembre de 1924, \u201ccaus\u00f3 irritaci\u00f3n entre la cr\u00edtica y el p\u00fablico debido a que en lugar de recurrir al t\u00edpico material mitol\u00f3gico o antiguo, el compositor llev\u00f3 al escenario su propia vida matrimonial de manera muy poco disimulada, cruzando as\u00ed provocativamente la l\u00ednea entre los privado y lo p\u00fablico\u201d.<\/p>\n\n\n\n<p>S\u00e1nchez de la Barquera Arroyo destaca que el OSX haya decidido presentar Intermezzo, ya que tras la sensaci\u00f3n inicial entre el p\u00fablico, la otra desapareci\u00f3 r\u00e1pidamente de los teatros y casas de \u00f3pera, \u201cincluso hoy en d\u00eda Intermezzo s\u00f3lo se presenta muy espor\u00e1dicamente\u201d.<\/p>\n\n\n\n<p>\u201cDesafortunadamente , el olvido en el que las orquestas, las casas de \u00f3pera y el p\u00fablico tienen esta partitura nos ha impedido antes conocer una obra sumamente interesante. con Intermezzo, Richard Strauss se revela nuevamente como un poeta tonal verdaderamente genial\u201d.<\/p>\n\n\n\n<p>El concierto de aniversario cont\u00f3 con la participaci\u00f3n de la soprano alemana Joo-Anne Bitter, considerada el elenco ideal en el tema l\u00edrico dram\u00e1tico wagneriano. Con su voz interpret\u00f3 la selecci\u00f3n de diez lieder que cre\u00f3 este autor a lo largo de su prol\u00edfica vida art\u00edstica: \u201cDedicaci\u00f3n\u201d (Zueignung, Op.10), \u201cLiberado\u201d (Befreit, Op. 39), \u201cFelicidad del bosque\u201d (Waldseligkeit, Op. 49), \u201cCecilia\u201d (C\u00e4cilie Op. 27), \u201cVisi\u00f3n amigable\u201d (Freundliche Vision, Op. 48), \u201cLos tres santos reyes\u201d (Die Heiligen Drei Konige, Op. 56), \u201cDescansa, alma m\u00eda\u201d (Ruhe, Meine Seele, Op. 27), \u201cMi ni\u00f1o\u201d (Meinem Kinde, Op. 37), \u201cCanci\u00f3n de cuna\u201d (Wiegenlied, Op. 41), \u201cMa\u00f1ana\u201d (Morgen, Op. 27) y los Cuatro interludios sinf\u00f3nicos, que son extractos de la \u00f3pera estrenada en 1924.<\/p>\n\n\n\n<p>Joo-Anne Bitter ha tomado parte en numerosos programas realizados en recintos renombrados de M\u00e9xico, Noruega, Austria, Italia y Rep\u00fablica Checa. Comenz\u00f3 sus estudios de canto en una academia privada de Viena, tras haber realizado una maestr\u00eda en artes en M\u00fanich. Hizo su debut en 2008 con la Orquesta de C\u00e1mara de Hamburgo y el personaje de Donna Anna para la \u00f3pera Don Giovanni de Mozart, seguido de la representaci\u00f3n de Le\u00efla para Los pescadores de perlas de Georges Bizet en el Mauritius Opera Festival.<\/p>\n\n\n\n<p>Al concluir la noche de canciones, Martin Lebel tom\u00f3 las manos de Joo-Anne Bitter, y en se\u00f1al de gratitud besos sus manos. Luego ambos fueron al frente del escenario para recibir los aplausos del p\u00fablico.<\/p>\n\n\n\n<p>Concluido el concierto, los m\u00fasicos comenzaron a entonar las tradicionales ma\u00f1anitas, para celebrar los diez a\u00f1os de que el Tlaqn\u00e1 Centro Cultural es el recinto oficial de la Orquesta. Los organizadores pidieron al p\u00fablico prender la l\u00e1mpara de sus tel\u00e9fonos celulares, para ser part\u00edcipes de la fotograf\u00eda de aniversario junto a la Sinf\u00f3nica.<\/p>\n\n\n\n<p>El proyecto Tlaqn\u00e1 Centro Cultural fue propuesto en 2006, por la Universidad Veracruzana (UV). Su construcci\u00f3n inici\u00f3 en 2007 y desde su anuncio llam\u00f3 la atenci\u00f3n del p\u00fablico de la m\u00fasica de c\u00e1mara.<\/p>\n\n\n\n<p>La Sala Tlaqn\u00e1 tiene una capacidad para una orquesta de 110 int\u00e9rpretes, el \u00e1rea de coro puede albergar hasta a 100 cantantes, el escenario cuenta con 265 metros cuadrados. Tiene una Sala Anexa, desarrollada en un edificio de tres mil 213 metros cuadrados. La Sala tiene una capacidad para mil 300 espectadores<\/p>\n\n\n\n<p>Destaca que al ser la ac\u00fastica un punto muy importante, el comit\u00e9 de m\u00fasicos de la OSX seleccion\u00f3 a Kirkegaard Associated, empresa l\u00edder mundial en la materia, para iniciar trabajos geom\u00e9tricos y otros relacionados con la caja ac\u00fastica. La idea de Kirkegaard era que el dise\u00f1o de la sala permitiera una comunicaci\u00f3n perfecta entre el p\u00fablico y los artistas. Desde cualquier punto de la sala la audiencia puede ver a los m\u00fasicos y \u00e9stos al p\u00fablico.<\/p>\n","protected":false},"excerpt":{"rendered":"<p>Eirinet G\u00f3mez Xalapa, Ver.- Con canciones provenientes del romanticismo germ\u00e1nico de Richard Strauss, la Orquesta Sinf\u00f3nica de Xalapa (OSX) de la Universidad Veracruzana (UV) celebr\u00f3 el d\u00e9cimo aniversario de Tlaqn\u00e1, Centro Cultural, un recinto construido expresamente para la m\u00fasica sinf\u00f3nica, que abri\u00f3 sus puertas al p\u00fablico el 23 de agosto del 2013. La velada arranc\u00f3 [&hellip;]<\/p>\n","protected":false},"author":2476,"featured_media":44497,"comment_status":"open","ping_status":"open","sticky":false,"template":"","format":"standard","meta":{"_jetpack_memberships_contains_paid_content":false,"footnotes":""},"categories":[3],"tags":[],"class_list":["post-44496","post","type-post","status-publish","format-standard","has-post-thumbnail","hentry","category-xalapa"],"jetpack_featured_media_url":"https:\/\/encuentroinformativo.com.mx\/wp-content\/uploads\/2023\/08\/IMG_20230825_213835433-scaled.jpg","jetpack_sharing_enabled":true,"jetpack_likes_enabled":true,"amp_enabled":true,"_links":{"self":[{"href":"https:\/\/encuentroinformativo.com.mx\/index.php?rest_route=\/wp\/v2\/posts\/44496","targetHints":{"allow":["GET"]}}],"collection":[{"href":"https:\/\/encuentroinformativo.com.mx\/index.php?rest_route=\/wp\/v2\/posts"}],"about":[{"href":"https:\/\/encuentroinformativo.com.mx\/index.php?rest_route=\/wp\/v2\/types\/post"}],"author":[{"embeddable":true,"href":"https:\/\/encuentroinformativo.com.mx\/index.php?rest_route=\/wp\/v2\/users\/2476"}],"replies":[{"embeddable":true,"href":"https:\/\/encuentroinformativo.com.mx\/index.php?rest_route=%2Fwp%2Fv2%2Fcomments&post=44496"}],"version-history":[{"count":1,"href":"https:\/\/encuentroinformativo.com.mx\/index.php?rest_route=\/wp\/v2\/posts\/44496\/revisions"}],"predecessor-version":[{"id":44498,"href":"https:\/\/encuentroinformativo.com.mx\/index.php?rest_route=\/wp\/v2\/posts\/44496\/revisions\/44498"}],"wp:featuredmedia":[{"embeddable":true,"href":"https:\/\/encuentroinformativo.com.mx\/index.php?rest_route=\/wp\/v2\/media\/44497"}],"wp:attachment":[{"href":"https:\/\/encuentroinformativo.com.mx\/index.php?rest_route=%2Fwp%2Fv2%2Fmedia&parent=44496"}],"wp:term":[{"taxonomy":"category","embeddable":true,"href":"https:\/\/encuentroinformativo.com.mx\/index.php?rest_route=%2Fwp%2Fv2%2Fcategories&post=44496"},{"taxonomy":"post_tag","embeddable":true,"href":"https:\/\/encuentroinformativo.com.mx\/index.php?rest_route=%2Fwp%2Fv2%2Ftags&post=44496"}],"curies":[{"name":"wp","href":"https:\/\/api.w.org\/{rel}","templated":true}]}}