{"id":4450,"date":"2020-07-27T16:34:42","date_gmt":"2020-07-27T21:34:42","guid":{"rendered":"https:\/\/encuentroinformativo.com\/?p=4450"},"modified":"2020-07-27T16:34:44","modified_gmt":"2020-07-27T21:34:44","slug":"recupera-la-atenas-realiza-donacion-de-caretas","status":"publish","type":"post","link":"https:\/\/encuentroinformativo.com.mx\/?p=4450","title":{"rendered":"\u2018Recupera la Atenas\u2019 realiza donaci\u00f3n de caretas"},"content":{"rendered":"\n<p><strong>Elisa Aburto<\/strong><\/p>\n\n\n\n<p>Xalapa, Ver.- Ante la problem\u00e1tica que se vive en materia de salud debido a la pandemia por Covid-19, es m\u00e1s que necesario apoyar a los trabajadores del sector salud de Xalapa.<\/p>\n\n\n\n<p>Y es que son los trabajadores de primera l\u00ednea en el sector m\u00e9dico los que se encuentran m\u00e1s expuestos a contagiarse de dicho padecimiento, por lo que es necesario que cuenten con las herramientas y equipo de trabajo necesario para disminuir los riesgos.&nbsp;<\/p>\n\n\n\n<p>As\u00ed lo consider\u00f3 Agust\u00edn Arcos Gamboa representante del movimiento <em>\u201cRecupera la Atenas\u201d<\/em> quien coment\u00f3 que con el apoyo de la sociedad civil ha sido posible realizar la donaci\u00f3n de caretas para entregarlas a personal m\u00e9dico de distintas instituciones que brindan servicio en la capital del estado.<\/p>\n\n\n\n<p>Acompa\u00f1ado de Mejayael Rojas y Luis Garc\u00eda, j\u00f3venes que forma parte del mismo movimiento brindaron un peque\u00f1o pero significativo reconocimiento a los trabajadores del sector salud, al tiempo que hicieron entrega de un paquete de caretas para personal m\u00e9dico.&nbsp;<\/p>\n\n\n\n<p>Agust\u00edn Arcos se comprometi\u00f3 a seguir gestionando este tipo de apoyos ante las dificultades que se enfrentan en diversos hospitales, y es que reiter\u00f3 la importancia de reconocer y proteger al personal m\u00e9dico que en estos momentos forma parte de los grupos de riesgo en cumplimiento de su trabajo. \u00a0 \u00a0<\/p>\n\n\n\n<figure class=\"wp-block-image size-large\"><img loading=\"lazy\" decoding=\"async\" width=\"1024\" height=\"515\" src=\"https:\/\/encuentroinformativo.com.mx\/wp-content\/uploads\/2020\/07\/71D5D7AC-F5BE-4D93-84FB-40BDC3F56F2D-1024x515.jpeg\" alt=\"\" class=\"wp-image-4437\" srcset=\"https:\/\/encuentroinformativo.com.mx\/wp-content\/uploads\/2020\/07\/71D5D7AC-F5BE-4D93-84FB-40BDC3F56F2D-1024x515.jpeg 1024w, https:\/\/encuentroinformativo.com.mx\/wp-content\/uploads\/2020\/07\/71D5D7AC-F5BE-4D93-84FB-40BDC3F56F2D-300x151.jpeg 300w, https:\/\/encuentroinformativo.com.mx\/wp-content\/uploads\/2020\/07\/71D5D7AC-F5BE-4D93-84FB-40BDC3F56F2D-768x386.jpeg 768w, https:\/\/encuentroinformativo.com.mx\/wp-content\/uploads\/2020\/07\/71D5D7AC-F5BE-4D93-84FB-40BDC3F56F2D.jpeg 1119w\" sizes=\"auto, (max-width: 1024px) 100vw, 1024px\" \/><\/figure>\n","protected":false},"excerpt":{"rendered":"<p>Elisa Aburto Xalapa, Ver.- Ante la problem\u00e1tica que se vive en materia de salud debido a la pandemia por Covid-19, es m\u00e1s que necesario apoyar a los trabajadores del sector salud de Xalapa. Y es que son los trabajadores de primera l\u00ednea en el sector m\u00e9dico los que se encuentran m\u00e1s expuestos a contagiarse de [&hellip;]<\/p>\n","protected":false},"author":1,"featured_media":4438,"comment_status":"open","ping_status":"open","sticky":false,"template":"","format":"standard","meta":{"_jetpack_memberships_contains_paid_content":false,"footnotes":""},"categories":[3],"tags":[],"class_list":["post-4450","post","type-post","status-publish","format-standard","has-post-thumbnail","hentry","category-xalapa"],"jetpack_featured_media_url":"https:\/\/encuentroinformativo.com.mx\/wp-content\/uploads\/2020\/07\/F2079D9A-FE8C-41BC-920C-ABFBB79AAA3E.jpeg","jetpack_sharing_enabled":true,"jetpack_likes_enabled":true,"amp_enabled":true,"_links":{"self":[{"href":"https:\/\/encuentroinformativo.com.mx\/index.php?rest_route=\/wp\/v2\/posts\/4450","targetHints":{"allow":["GET"]}}],"collection":[{"href":"https:\/\/encuentroinformativo.com.mx\/index.php?rest_route=\/wp\/v2\/posts"}],"about":[{"href":"https:\/\/encuentroinformativo.com.mx\/index.php?rest_route=\/wp\/v2\/types\/post"}],"author":[{"embeddable":true,"href":"https:\/\/encuentroinformativo.com.mx\/index.php?rest_route=\/wp\/v2\/users\/1"}],"replies":[{"embeddable":true,"href":"https:\/\/encuentroinformativo.com.mx\/index.php?rest_route=%2Fwp%2Fv2%2Fcomments&post=4450"}],"version-history":[{"count":1,"href":"https:\/\/encuentroinformativo.com.mx\/index.php?rest_route=\/wp\/v2\/posts\/4450\/revisions"}],"predecessor-version":[{"id":4451,"href":"https:\/\/encuentroinformativo.com.mx\/index.php?rest_route=\/wp\/v2\/posts\/4450\/revisions\/4451"}],"wp:featuredmedia":[{"embeddable":true,"href":"https:\/\/encuentroinformativo.com.mx\/index.php?rest_route=\/wp\/v2\/media\/4438"}],"wp:attachment":[{"href":"https:\/\/encuentroinformativo.com.mx\/index.php?rest_route=%2Fwp%2Fv2%2Fmedia&parent=4450"}],"wp:term":[{"taxonomy":"category","embeddable":true,"href":"https:\/\/encuentroinformativo.com.mx\/index.php?rest_route=%2Fwp%2Fv2%2Fcategories&post=4450"},{"taxonomy":"post_tag","embeddable":true,"href":"https:\/\/encuentroinformativo.com.mx\/index.php?rest_route=%2Fwp%2Fv2%2Ftags&post=4450"}],"curies":[{"name":"wp","href":"https:\/\/api.w.org\/{rel}","templated":true}]}}