{"id":44501,"date":"2023-08-29T18:52:33","date_gmt":"2023-08-30T00:52:33","guid":{"rendered":"https:\/\/encuentroinformativo.com.mx\/?p=44501"},"modified":"2023-08-29T18:52:38","modified_gmt":"2023-08-30T00:52:38","slug":"mejorar-la-salud-visual-de-los-adultos-mayores-prioridad-del-alcalde-jm-unanue","status":"publish","type":"post","link":"https:\/\/encuentroinformativo.com.mx\/?p=44501","title":{"rendered":"Mejorar la salud visual de los adultos mayores, prioridad del Alcalde JM Un\u00e1nue"},"content":{"rendered":"\n<p><strong>*<em>En el marco de la celebraci\u00f3n del D\u00eda del Abuelo, el alcalde y la presidenta del DIF municipal de Boca del R\u00edo, realizaron la entrega de lentes gratuitos a m\u00e1s de 180 adultos mayores<\/em>.<\/strong><\/p>\n\n\n\n<p>Boca del R\u00edo, Ver.- En el marco de la celebraci\u00f3n del D\u00eda del Abuelo, el alcalde de Boca del R\u00edo, Juan Manuel Un\u00e1nue Abascal y la presidenta del DIF municipal, Melina Rivera de Un\u00e1nue, realizaron la entrega de lentes gratuitos a m\u00e1s de 180 adultos mayores como parte de la campa\u00f1a \u201cCon amor vemos mejor\u201d.<\/p>\n\n\n\n<p>En la explanada de la Plaza C\u00edvica Benito Ju\u00e1rez, los abuelos boque\u00f1os acudieron para recibir de manos de las autoridades municipales sus lentes graduados con armazones elegidos por ellos mismos.<\/p>\n\n\n\n<p>\u201cVemos a gente muy contenta como do\u00f1a Nicandra que ten\u00eda siete a\u00f1os de no cambiar sus lentes, y hoy ya se lleva sus lentes nuevos al igual que los m\u00e1s de 180 abuelitos y abuelitas que nos est\u00e1n acompa\u00f1ando.<\/p>\n\n\n\n<p>\u201cQuiero destacar que ellos tuvieron la oportunidad de escoger su armaz\u00f3n, a su gusto, as\u00ed que lo que sigue es tomarle la graduaci\u00f3n que cada uno requiera(..), me da mucho gusto que est\u00e9n estrenando y mejorando as\u00ed la calidad de su vista, no tengan la menor duda que para mi gobierno ustedes son parte fundamental\u201d, expres\u00f3 el alcalde.<\/p>\n\n\n\n<p>Las autoridades municipales agradecieron al empresario y propietario de la \u201cLa Casona\u201d, Daniel Noriega, por haberse sumado a las actividades a beneficio que realiza el DIF Municipal, pues con lo recaudado en la \u201cTardeada con Causa\u201d realizada en mayo y con el apoyo del alcalde boque\u00f1o, se logr\u00f3 beneficiar a un gran n\u00famero de adultos mayores en esta primera entrega de lentes gratuitos.<\/p>\n\n\n\n<p>\u201cEso es por lo que trabajamos, esa es la indicaci\u00f3n de mi esposo el alcalde Juan Manuel Un\u00e1nue, siempre ver por el bienestar de todos ustedes, por ello agradezco a \u2018La Casona\u2019 y a mi voluntariado por todo su apoyo porque con lo recaudado hoy estamos haciendo la entrega de estos lentes gratuitos\u201d, puntualiz\u00f3 la Presidenta del DIF municipal.<\/p>\n\n\n\n<p>La campa\u00f1a \u201cCon amor vemos mejor\u201d estuvo activa durante todo agosto y el objetivo es contar con una segunda edici\u00f3n m\u00e1s adelante para seguir beneficiando a los adultos mayores boque\u00f1os.<\/p>\n\n\n\n<p>Por \u00faltimo, Juan Manuel Un\u00e1nue enfatiz\u00f3 que responder a las necesidades de la poblaci\u00f3n es parte de su compromiso para que cualquier persona pueda disfrutar de vivir en la mejor ciudad de Veracruz, Boca del R\u00edo.<\/p>\n\n\n\n<figure class=\"wp-block-image size-large\"><img loading=\"lazy\" decoding=\"async\" width=\"960\" height=\"640\" src=\"https:\/\/encuentroinformativo.com.mx\/wp-content\/uploads\/2023\/08\/IMG-20230829-WA0119.jpg\" alt=\"\" class=\"wp-image-44503\" srcset=\"https:\/\/encuentroinformativo.com.mx\/wp-content\/uploads\/2023\/08\/IMG-20230829-WA0119.jpg 960w, https:\/\/encuentroinformativo.com.mx\/wp-content\/uploads\/2023\/08\/IMG-20230829-WA0119-300x200.jpg 300w, https:\/\/encuentroinformativo.com.mx\/wp-content\/uploads\/2023\/08\/IMG-20230829-WA0119-768x512.jpg 768w\" sizes=\"auto, (max-width: 960px) 100vw, 960px\" \/><\/figure>\n","protected":false},"excerpt":{"rendered":"<p>*En el marco de la celebraci\u00f3n del D\u00eda del Abuelo, el alcalde y la presidenta del DIF municipal de Boca del R\u00edo, realizaron la entrega de lentes gratuitos a m\u00e1s de 180 adultos mayores. Boca del R\u00edo, Ver.- En el marco de la celebraci\u00f3n del D\u00eda del Abuelo, el alcalde de Boca del R\u00edo, Juan [&hellip;]<\/p>\n","protected":false},"author":2476,"featured_media":44502,"comment_status":"open","ping_status":"open","sticky":false,"template":"","format":"standard","meta":{"_jetpack_memberships_contains_paid_content":false,"footnotes":""},"categories":[2],"tags":[],"class_list":["post-44501","post","type-post","status-publish","format-standard","has-post-thumbnail","hentry","category-estado"],"jetpack_featured_media_url":"https:\/\/encuentroinformativo.com.mx\/wp-content\/uploads\/2023\/08\/IMG-20230829-WA01242.jpg","jetpack_sharing_enabled":true,"jetpack_likes_enabled":true,"amp_enabled":true,"_links":{"self":[{"href":"https:\/\/encuentroinformativo.com.mx\/index.php?rest_route=\/wp\/v2\/posts\/44501","targetHints":{"allow":["GET"]}}],"collection":[{"href":"https:\/\/encuentroinformativo.com.mx\/index.php?rest_route=\/wp\/v2\/posts"}],"about":[{"href":"https:\/\/encuentroinformativo.com.mx\/index.php?rest_route=\/wp\/v2\/types\/post"}],"author":[{"embeddable":true,"href":"https:\/\/encuentroinformativo.com.mx\/index.php?rest_route=\/wp\/v2\/users\/2476"}],"replies":[{"embeddable":true,"href":"https:\/\/encuentroinformativo.com.mx\/index.php?rest_route=%2Fwp%2Fv2%2Fcomments&post=44501"}],"version-history":[{"count":1,"href":"https:\/\/encuentroinformativo.com.mx\/index.php?rest_route=\/wp\/v2\/posts\/44501\/revisions"}],"predecessor-version":[{"id":44504,"href":"https:\/\/encuentroinformativo.com.mx\/index.php?rest_route=\/wp\/v2\/posts\/44501\/revisions\/44504"}],"wp:featuredmedia":[{"embeddable":true,"href":"https:\/\/encuentroinformativo.com.mx\/index.php?rest_route=\/wp\/v2\/media\/44502"}],"wp:attachment":[{"href":"https:\/\/encuentroinformativo.com.mx\/index.php?rest_route=%2Fwp%2Fv2%2Fmedia&parent=44501"}],"wp:term":[{"taxonomy":"category","embeddable":true,"href":"https:\/\/encuentroinformativo.com.mx\/index.php?rest_route=%2Fwp%2Fv2%2Fcategories&post=44501"},{"taxonomy":"post_tag","embeddable":true,"href":"https:\/\/encuentroinformativo.com.mx\/index.php?rest_route=%2Fwp%2Fv2%2Ftags&post=44501"}],"curies":[{"name":"wp","href":"https:\/\/api.w.org\/{rel}","templated":true}]}}