{"id":44519,"date":"2023-08-30T09:15:00","date_gmt":"2023-08-30T15:15:00","guid":{"rendered":"https:\/\/encuentroinformativo.com.mx\/?p=44519"},"modified":"2023-08-29T22:41:35","modified_gmt":"2023-08-30T04:41:35","slug":"el-bosque-de-la-esperanza-busca-dar-acceso-a-la-memoria-a-desaparecidos","status":"publish","type":"post","link":"https:\/\/encuentroinformativo.com.mx\/?p=44519","title":{"rendered":"\u201cEl Bosque de la Esperanza\u201d busca dar acceso a la memoria a desaparecidos"},"content":{"rendered":"\n<figure class=\"wp-block-image size-large\"><img loading=\"lazy\" decoding=\"async\" width=\"1024\" height=\"681\" src=\"https:\/\/encuentroinformativo.com.mx\/wp-content\/uploads\/2023\/08\/Screenshot_20230829-2226442-1024x681.png\" alt=\"\" class=\"wp-image-44516\" srcset=\"https:\/\/encuentroinformativo.com.mx\/wp-content\/uploads\/2023\/08\/Screenshot_20230829-2226442-1024x681.png 1024w, https:\/\/encuentroinformativo.com.mx\/wp-content\/uploads\/2023\/08\/Screenshot_20230829-2226442-300x199.png 300w, https:\/\/encuentroinformativo.com.mx\/wp-content\/uploads\/2023\/08\/Screenshot_20230829-2226442-768x511.png 768w, https:\/\/encuentroinformativo.com.mx\/wp-content\/uploads\/2023\/08\/Screenshot_20230829-2226442.png 1080w\" sizes=\"auto, (max-width: 1024px) 100vw, 1024px\" \/><\/figure>\n\n\n\n<p><strong>Eirinet G\u00f3mez<\/strong><\/p>\n\n\n\n<p>Xalapa, Ver.- Familiares de personas desaparecidas, defensores de derechos humanos y activistas impulsan\u00a0 \u201cEl Bosque de la Esperanza\u201d, un proyecto colaborativo de largo plazo que busca facilitar el acceso al derecho de la memoria en diversas regiones de M\u00e9xico.\u00a0<\/p>\n\n\n\n<p>Entrevistada en el contexto del 30 de agosto, <strong>D\u00eda Internacional de los Desaparecidos<\/strong>, Aline Wani, directora de investigaci\u00f3n del proyecto, dijo que se trata de un memorial autogestionado, inmersivo y virtual, para las v\u00edctimas de desaparici\u00f3n forzada en M\u00e9xico.<\/p>\n\n\n\n<p>\u201cEl proyecto busca conectar espacios de memoria y protesta, conocido como los \u00c1rboles de Esperanza. Hay \u00e1rboles de esperanza en M\u00e9xico desde el 2015, cuando en Torre\u00f3n Coahuila se pusieron los primeros, y ahora estamos trabajando en Veracruz, Guanajuato y Baja California\u201d.<\/p>\n\n\n\n<p>&nbsp;En el marco de este proyecto, adelant\u00f3 Wani, se busca que cada persona desaparecida en M\u00e9xico cuente con un memorial f\u00edsico, expresado como un list\u00f3n retroreflejante que se atar\u00e1 a un \u00c1rbol de la Esperanza, algunos de los \u00e1rboles son preexistentes y otros ser\u00e1n instalados.&nbsp;<\/p>\n\n\n\n<p>\u201cCada list\u00f3n lleva grabado un retrato de la persona desaparecida y un c\u00f3digo QR que enlazar\u00e1 a la plataforma en l\u00ednea donde familiares publicar\u00e1n audio, v\u00eddeo, im\u00e1genes y texto que contar\u00e1n la historia de su ser querido desaparecido\u201d.<\/p>\n\n\n\n<p>La activista destac\u00f3 que en este momento la plataforma digital que dar\u00e1 vida a&nbsp; \u201cEl Bosque de la Esperanza\u201d ha iniciado su fase piloto con familiares de 100 personas desaparecidas, agrupadas en siete colectivos, en Veracruz, Guanajuato y Baja California.&nbsp;<\/p>\n\n\n\n<p>\u201cUna vez concluida esta fase, la idea es abrir el espacio para todas aquellas personas que deseen sumarse\u201d, expres\u00f3.<\/p>\n\n\n\n<figure class=\"wp-block-image size-large\"><img loading=\"lazy\" decoding=\"async\" width=\"1024\" height=\"686\" src=\"https:\/\/encuentroinformativo.com.mx\/wp-content\/uploads\/2023\/08\/Screenshot_20230829-2226082-1024x686.png\" alt=\"\" class=\"wp-image-44518\" srcset=\"https:\/\/encuentroinformativo.com.mx\/wp-content\/uploads\/2023\/08\/Screenshot_20230829-2226082-1024x686.png 1024w, https:\/\/encuentroinformativo.com.mx\/wp-content\/uploads\/2023\/08\/Screenshot_20230829-2226082-300x201.png 300w, https:\/\/encuentroinformativo.com.mx\/wp-content\/uploads\/2023\/08\/Screenshot_20230829-2226082-768x515.png 768w, https:\/\/encuentroinformativo.com.mx\/wp-content\/uploads\/2023\/08\/Screenshot_20230829-2226082.png 1080w\" sizes=\"auto, (max-width: 1024px) 100vw, 1024px\" \/><\/figure>\n\n\n\n<p class=\"has-text-align-center\"><strong>DESTRUYEN 10 \u00c1RBOLES DE LA ESPERANZA EN M\u00c9XICO<\/strong><\/p>\n\n\n\n<p>Wani dijo que en los \u00faltimos meses han sido destruidos diez \u00c1rboles de la Esperanza en distintas regiones de M\u00e9xico, y por ello el proyecto&nbsp; \u201cEl Bosque de la Esperanza\u201d tiene como uno de sus objetivos, que al conectar todos los \u00c1rboles de la esperanza que hay en M\u00e9xico, se eleve el costo pol\u00edtico de cualquier intenci\u00f3n de causarles da\u00f1o, y se frene su destrucci\u00f3n.<\/p>\n\n\n\n<p>\u201cEn los \u00faltimos tres a\u00f1os, diez \u00c1rboles de la Esperanza han sido destruidos en el pa\u00eds, y es una experiencia muy grave, revictimiza a las personas, y por eso uno de los prop\u00f3sitos de este proyecto es resguardar y proteger estos espacios. Al conectarse&nbsp; de forma virtual, si atacan un \u00e1rbol, atacar\u00e1n todo el bosque\u201d.<\/p>\n\n\n\n<p>Wani dijo que en la creaci\u00f3n de \u201cEl bosque de la esperanza\u201d participan colectivos de familias de personas desaparecidas, y organizaciones como&nbsp; Data C\u00edvica, que apoya con la programaci\u00f3n del espacio virtual. Destacan tambi\u00e9n Maevia Griffiths, quien tiene la direcci\u00f3n cinematogr\u00e1fica y Sergio Beltr\u00e1n-Garc\u00eda, a cargo de la direcci\u00f3n creativa de&nbsp; \u201cEl Bosque de la Esperanza\u201d.<\/p>\n\n\n\n<p>Teresa de Jes\u00fas Jim\u00e9nez Jim\u00e9nez, integrante del Colectivo Solecito Veracruz y quien busca a su hermano Oscar de Jes\u00fas Jim\u00e9nez Jim\u00e9nez, desaparecido en enero del 2013 en el puerto de Veracruz.&nbsp;<\/p>\n\n\n\n<p>Jim\u00e9nez Jim\u00e9nez relata que para ella, junto con otras familias, que han tomado una actitud activa en la b\u00fasqueda de sus familiares desaparecidos, un proyecto como el \u201cEl bosque de la esperanza\u201d significa la posibilidad de que \u201cmuchos ciudadanos que no conocen de la situaci\u00f3n de la desaparici\u00f3n de personas en M\u00e9xico pueda conocerla\u201d.<\/p>\n\n\n\n<p>La buscadora se\u00f1al\u00f3 que Solecito Veracruz ya ten\u00eda una inquietud de tener un memorial cuando conocieron de esta iniciativa, y decidieron sumarse, \u201cnos pareci\u00f3 que es una puerta, un rayo de esperanza para honrar la existencia de nuestros familiares desaparecidos\u201d.<\/p>\n\n\n\n<p>\u201cEl bosque de la esperanza nos ofrece una forma de honrar esa vida, esos seres humanos que son nuestra familia, no es un objeto, un animal, sino ciudadanos mexicanos\u201d.<\/p>\n\n\n\n<p>Jim\u00e9nez Jim\u00e9nez considera que adem\u00e1s de honrar a sus familias, les permitir\u00e1 concientizar a las personas sobre la desaparici\u00f3n en M\u00e9xico.<\/p>\n\n\n\n<p>En fechas recientes y despu\u00e9s de largas gestiones, el colectivo ha logrado un acuerdo con autoridades locales para instalar un \u00c1rbol de la Esperanza en el puerto de Veracruz, en una zona visible, y en donde participar\u00e1n 30 familiares de personas desaparecidas, de forma inicial.<\/p>\n\n\n\n<figure class=\"wp-block-gallery columns-3 is-cropped wp-block-gallery-1 is-layout-flex wp-block-gallery-is-layout-flex\"><ul class=\"blocks-gallery-grid\"><li class=\"blocks-gallery-item\"><figure><img loading=\"lazy\" decoding=\"async\" width=\"1024\" height=\"691\" src=\"https:\/\/encuentroinformativo.com.mx\/wp-content\/uploads\/2023\/08\/IMG_20230829_222314_1080_x_1080_pixel3-1024x691.jpg\" alt=\"\" data-id=\"44513\" data-full-url=\"https:\/\/encuentroinformativo.com.mx\/wp-content\/uploads\/2023\/08\/IMG_20230829_222314_1080_x_1080_pixel3.jpg\" data-link=\"https:\/\/encuentroinformativo.com.mx\/?attachment_id=44513\" class=\"wp-image-44513\" srcset=\"https:\/\/encuentroinformativo.com.mx\/wp-content\/uploads\/2023\/08\/IMG_20230829_222314_1080_x_1080_pixel3-1024x691.jpg 1024w, https:\/\/encuentroinformativo.com.mx\/wp-content\/uploads\/2023\/08\/IMG_20230829_222314_1080_x_1080_pixel3-300x203.jpg 300w, https:\/\/encuentroinformativo.com.mx\/wp-content\/uploads\/2023\/08\/IMG_20230829_222314_1080_x_1080_pixel3-768x518.jpg 768w, https:\/\/encuentroinformativo.com.mx\/wp-content\/uploads\/2023\/08\/IMG_20230829_222314_1080_x_1080_pixel3.jpg 1080w\" sizes=\"auto, (max-width: 1024px) 100vw, 1024px\" \/><\/figure><\/li><li class=\"blocks-gallery-item\"><figure><img loading=\"lazy\" decoding=\"async\" width=\"1024\" height=\"692\" src=\"https:\/\/encuentroinformativo.com.mx\/wp-content\/uploads\/2023\/08\/Screenshot_20230829-2225552-1024x692.png\" alt=\"\" data-id=\"44515\" data-full-url=\"https:\/\/encuentroinformativo.com.mx\/wp-content\/uploads\/2023\/08\/Screenshot_20230829-2225552.png\" data-link=\"https:\/\/encuentroinformativo.com.mx\/?attachment_id=44515\" class=\"wp-image-44515\" srcset=\"https:\/\/encuentroinformativo.com.mx\/wp-content\/uploads\/2023\/08\/Screenshot_20230829-2225552-1024x692.png 1024w, https:\/\/encuentroinformativo.com.mx\/wp-content\/uploads\/2023\/08\/Screenshot_20230829-2225552-300x203.png 300w, https:\/\/encuentroinformativo.com.mx\/wp-content\/uploads\/2023\/08\/Screenshot_20230829-2225552-768x519.png 768w, https:\/\/encuentroinformativo.com.mx\/wp-content\/uploads\/2023\/08\/Screenshot_20230829-2225552.png 1080w\" sizes=\"auto, (max-width: 1024px) 100vw, 1024px\" \/><\/figure><\/li><li class=\"blocks-gallery-item\"><figure><img loading=\"lazy\" decoding=\"async\" width=\"1024\" height=\"700\" src=\"https:\/\/encuentroinformativo.com.mx\/wp-content\/uploads\/2023\/08\/Screenshot_20230829-2225292-1024x700.png\" alt=\"\" data-id=\"44514\" data-full-url=\"https:\/\/encuentroinformativo.com.mx\/wp-content\/uploads\/2023\/08\/Screenshot_20230829-2225292.png\" data-link=\"https:\/\/encuentroinformativo.com.mx\/?attachment_id=44514\" class=\"wp-image-44514\" srcset=\"https:\/\/encuentroinformativo.com.mx\/wp-content\/uploads\/2023\/08\/Screenshot_20230829-2225292-1024x700.png 1024w, https:\/\/encuentroinformativo.com.mx\/wp-content\/uploads\/2023\/08\/Screenshot_20230829-2225292-300x205.png 300w, https:\/\/encuentroinformativo.com.mx\/wp-content\/uploads\/2023\/08\/Screenshot_20230829-2225292-768x525.png 768w, https:\/\/encuentroinformativo.com.mx\/wp-content\/uploads\/2023\/08\/Screenshot_20230829-2225292.png 1080w\" sizes=\"auto, (max-width: 1024px) 100vw, 1024px\" \/><\/figure><\/li><li class=\"blocks-gallery-item\"><figure><img loading=\"lazy\" decoding=\"async\" width=\"1024\" height=\"672\" src=\"https:\/\/encuentroinformativo.com.mx\/wp-content\/uploads\/2023\/08\/Screenshot_20230829-2226412-1024x672.png\" alt=\"\" data-id=\"44517\" data-full-url=\"https:\/\/encuentroinformativo.com.mx\/wp-content\/uploads\/2023\/08\/Screenshot_20230829-2226412.png\" data-link=\"https:\/\/encuentroinformativo.com.mx\/?attachment_id=44517\" class=\"wp-image-44517\" srcset=\"https:\/\/encuentroinformativo.com.mx\/wp-content\/uploads\/2023\/08\/Screenshot_20230829-2226412-1024x672.png 1024w, https:\/\/encuentroinformativo.com.mx\/wp-content\/uploads\/2023\/08\/Screenshot_20230829-2226412-300x197.png 300w, https:\/\/encuentroinformativo.com.mx\/wp-content\/uploads\/2023\/08\/Screenshot_20230829-2226412-768x504.png 768w, https:\/\/encuentroinformativo.com.mx\/wp-content\/uploads\/2023\/08\/Screenshot_20230829-2226412.png 1074w\" sizes=\"auto, (max-width: 1024px) 100vw, 1024px\" \/><\/figure><\/li><\/ul><\/figure>\n","protected":false},"excerpt":{"rendered":"<p>Eirinet G\u00f3mez Xalapa, Ver.- Familiares de personas desaparecidas, defensores de derechos humanos y activistas impulsan\u00a0 \u201cEl Bosque de la Esperanza\u201d, un proyecto colaborativo de largo plazo que busca facilitar el acceso al derecho de la memoria en diversas regiones de M\u00e9xico.\u00a0 Entrevistada en el contexto del 30 de agosto, D\u00eda Internacional de los Desaparecidos, Aline [&hellip;]<\/p>\n","protected":false},"author":2476,"featured_media":44511,"comment_status":"open","ping_status":"open","sticky":false,"template":"","format":"standard","meta":{"_jetpack_memberships_contains_paid_content":false,"footnotes":""},"categories":[2],"tags":[],"class_list":["post-44519","post","type-post","status-publish","format-standard","has-post-thumbnail","hentry","category-estado"],"jetpack_featured_media_url":"https:\/\/encuentroinformativo.com.mx\/wp-content\/uploads\/2023\/08\/IMG_20230829_222250_1080_x_1080_pixel3.jpg","jetpack_sharing_enabled":true,"jetpack_likes_enabled":true,"amp_enabled":true,"_links":{"self":[{"href":"https:\/\/encuentroinformativo.com.mx\/index.php?rest_route=\/wp\/v2\/posts\/44519","targetHints":{"allow":["GET"]}}],"collection":[{"href":"https:\/\/encuentroinformativo.com.mx\/index.php?rest_route=\/wp\/v2\/posts"}],"about":[{"href":"https:\/\/encuentroinformativo.com.mx\/index.php?rest_route=\/wp\/v2\/types\/post"}],"author":[{"embeddable":true,"href":"https:\/\/encuentroinformativo.com.mx\/index.php?rest_route=\/wp\/v2\/users\/2476"}],"replies":[{"embeddable":true,"href":"https:\/\/encuentroinformativo.com.mx\/index.php?rest_route=%2Fwp%2Fv2%2Fcomments&post=44519"}],"version-history":[{"count":1,"href":"https:\/\/encuentroinformativo.com.mx\/index.php?rest_route=\/wp\/v2\/posts\/44519\/revisions"}],"predecessor-version":[{"id":44520,"href":"https:\/\/encuentroinformativo.com.mx\/index.php?rest_route=\/wp\/v2\/posts\/44519\/revisions\/44520"}],"wp:featuredmedia":[{"embeddable":true,"href":"https:\/\/encuentroinformativo.com.mx\/index.php?rest_route=\/wp\/v2\/media\/44511"}],"wp:attachment":[{"href":"https:\/\/encuentroinformativo.com.mx\/index.php?rest_route=%2Fwp%2Fv2%2Fmedia&parent=44519"}],"wp:term":[{"taxonomy":"category","embeddable":true,"href":"https:\/\/encuentroinformativo.com.mx\/index.php?rest_route=%2Fwp%2Fv2%2Fcategories&post=44519"},{"taxonomy":"post_tag","embeddable":true,"href":"https:\/\/encuentroinformativo.com.mx\/index.php?rest_route=%2Fwp%2Fv2%2Ftags&post=44519"}],"curies":[{"name":"wp","href":"https:\/\/api.w.org\/{rel}","templated":true}]}}