{"id":44530,"date":"2023-08-30T11:37:01","date_gmt":"2023-08-30T17:37:01","guid":{"rendered":"https:\/\/encuentroinformativo.com.mx\/?p=44530"},"modified":"2023-08-30T13:35:10","modified_gmt":"2023-08-30T19:35:10","slug":"incumple-servicios-periciales-con-identificacion-de-cuerpos-delgadillo","status":"publish","type":"post","link":"https:\/\/encuentroinformativo.com.mx\/?p=44530","title":{"rendered":"Incumple Servicios Periciales con identificaci\u00f3n de cuerpos: Delgadillo"},"content":{"rendered":"\n<p><strong>Dar\u00edo Pale <\/strong><\/p>\n\n\n\n<p>Xalapa, Ver.- Victoria Delgadillo, representante del Colectivo Familiares Enlaces Xalapa, dio a conocer que los servicios periciales no cumplen con identificaci\u00f3n de cuerpos, a pesar de que se siguen encontrando restos humanos, los familiares de desaparecidos siguen sin saber a quienes pertenecen.<\/p>\n\n\n\n<p>Dio a conocer que de nada sirve que los colectivos y las autoridades sigan encontrando cuerpos si periciales no es capaz de darles una identidad.<\/p>\n\n\n\n<p>&#8220;De qu\u00e9 sirve que las familias sigan encontrando y est\u00e9n recuperando, si en los e la identificaci\u00f3n humana estamos perdidos(&#8230;), muchas veces dicen que es por el tiempo,porque los restos est\u00e1n muy deteriorados, pero tambi\u00e9n parte es de que periciales sigue sin personal, eso es lo que no est\u00e1 afectando a nosotros&#8221;, se\u00f1al\u00f3.<\/p>\n\n\n\n<p>Y es que dijo, la justificaci\u00f3n de las autoridades es la falta de personal, pero se hace necesario y urgente que se cuente con todo lo necesario para poder avanzar en este tema pues hay casos antiguos que siguen sin tener una soluci\u00f3n.<\/p>\n\n\n\n<p>Recalc\u00f3 que las b\u00fasquedas contin\u00faan en lugares como La barranca de la Aurora y en La Guapota, pero el tema sigue siendo el de la identificaci\u00f3n.<\/p>\n\n\n\n<p>&#8220;Ya son much\u00edsimos los desaparecidos y tenemos que esperar a que la comisi\u00f3n de b\u00fasqueda haga espacio para continuar con alguna b\u00fasqueda de desaparecidos, por lo que cada cuatro meses se revisan los casos y se determina d\u00f3nde se har\u00e1n dichas b\u00fasquedas&#8221;, coment\u00f3.<\/p>\n\n\n\n<p>La ma\u00f1ana de este mi\u00e9rcoles 30 de agosto, familiares de desparecidos salieron nuevamente a marchar por las calles de esta ciudad capital, recordando que no hay nada que festejar y s\u00ed mucho que lamentar.<\/p>\n\n\n\n<p>Partiendo de Palacio de gobierno, con direcci\u00f3n al Memorial de los esaparecidos ubicado en la avenida Orizaba y Lucio Blanco.<\/p>\n\n\n\n<p>Victoria Delgadillo indic\u00f3 que en este lugar habr\u00e1 una exposici\u00f3n con las fotograf\u00edas de sus familiares.<\/p>\n\n\n\n<p>&#8220;Alzar la voz para que el gobierno recuerde que siguen desaparecidos, que no hay en las carpetas de investigaci\u00f3n ni una l\u00ednea de investigaci\u00f3n que seguir, y nosotros seguimos desde hace muchos a\u00f1os en las mismas&#8221;, dijo en entrevista.<\/p>\n\n\n\n<p>Acot\u00f3 que sus familiares no son cifras, sino seres humanos que ten\u00edan familias y vida.<\/p>\n\n\n\n<p>Posteriormente a esta marcha, alas seis de la tarde en el Caf\u00e9 Tierra Luna, mostrar\u00e1n videos de sus familiares desaparecidos, para que los conozcan, y sepan quienes son, que no solo son n\u00fameros y nombres, son personas que ten\u00edan vida, familia, trabajo.<\/p>\n\n\n\n<p>En otro orden de ideas en cuanto a que los \u00cdndices delictivos a la baja, se\u00f1al\u00f3 que, decir que la delincuencia est\u00e1 a la baja y que ya no hay desaparecidos es una mentira.<\/p>\n\n\n\n<p>La integrante del Colectivo Familiares Enlaces Xalapa, asegur\u00f3 que la delincuencia persiste y todos los d\u00edas se escuchan noticias de delitos que se comenten, asaltos, asesinatos, secuestros.<\/p>\n\n\n\n<p>&#8220;Nosotros al escuchar que no hay delincuencia nos da risa y se nos hace una burla&#8221;, acus\u00f3.<\/p>\n\n\n\n<p>En este sentido indic\u00f3 que para las autoridades estos delitos ya son normales, si mataron, asaltaron o desaparecieron a alguien, ya es algo que se ve todos los d\u00edas y las autoridades lo siguen negando.<\/p>\n\n\n\n<p>Por \u00faltimo destac\u00f3 que se siguen sumando familias a su colectivo de desaparecidos, tan s\u00f3lo se unieron familiares de unos j\u00f3venes desaparecidos hace un mes, lo que indica que las Desapariciones siguen y no se detienen como lo ha asegurado la autoridad.<\/p>\n","protected":false},"excerpt":{"rendered":"<p>Dar\u00edo Pale Xalapa, Ver.- Victoria Delgadillo, representante del Colectivo Familiares Enlaces Xalapa, dio a conocer que los servicios periciales no cumplen con identificaci\u00f3n de cuerpos, a pesar de que se siguen encontrando restos humanos, los familiares de desaparecidos siguen sin saber a quienes pertenecen. Dio a conocer que de nada sirve que los colectivos y [&hellip;]<\/p>\n","protected":false},"author":2476,"featured_media":44531,"comment_status":"open","ping_status":"open","sticky":false,"template":"","format":"standard","meta":{"_jetpack_memberships_contains_paid_content":false,"footnotes":""},"categories":[3],"tags":[],"class_list":["post-44530","post","type-post","status-publish","format-standard","has-post-thumbnail","hentry","category-xalapa"],"jetpack_featured_media_url":"https:\/\/encuentroinformativo.com.mx\/wp-content\/uploads\/2023\/08\/IMG-20230830-WA0024.jpg","jetpack_sharing_enabled":true,"jetpack_likes_enabled":true,"amp_enabled":true,"_links":{"self":[{"href":"https:\/\/encuentroinformativo.com.mx\/index.php?rest_route=\/wp\/v2\/posts\/44530","targetHints":{"allow":["GET"]}}],"collection":[{"href":"https:\/\/encuentroinformativo.com.mx\/index.php?rest_route=\/wp\/v2\/posts"}],"about":[{"href":"https:\/\/encuentroinformativo.com.mx\/index.php?rest_route=\/wp\/v2\/types\/post"}],"author":[{"embeddable":true,"href":"https:\/\/encuentroinformativo.com.mx\/index.php?rest_route=\/wp\/v2\/users\/2476"}],"replies":[{"embeddable":true,"href":"https:\/\/encuentroinformativo.com.mx\/index.php?rest_route=%2Fwp%2Fv2%2Fcomments&post=44530"}],"version-history":[{"count":1,"href":"https:\/\/encuentroinformativo.com.mx\/index.php?rest_route=\/wp\/v2\/posts\/44530\/revisions"}],"predecessor-version":[{"id":44532,"href":"https:\/\/encuentroinformativo.com.mx\/index.php?rest_route=\/wp\/v2\/posts\/44530\/revisions\/44532"}],"wp:featuredmedia":[{"embeddable":true,"href":"https:\/\/encuentroinformativo.com.mx\/index.php?rest_route=\/wp\/v2\/media\/44531"}],"wp:attachment":[{"href":"https:\/\/encuentroinformativo.com.mx\/index.php?rest_route=%2Fwp%2Fv2%2Fmedia&parent=44530"}],"wp:term":[{"taxonomy":"category","embeddable":true,"href":"https:\/\/encuentroinformativo.com.mx\/index.php?rest_route=%2Fwp%2Fv2%2Fcategories&post=44530"},{"taxonomy":"post_tag","embeddable":true,"href":"https:\/\/encuentroinformativo.com.mx\/index.php?rest_route=%2Fwp%2Fv2%2Ftags&post=44530"}],"curies":[{"name":"wp","href":"https:\/\/api.w.org\/{rel}","templated":true}]}}