{"id":44536,"date":"2023-08-30T11:55:24","date_gmt":"2023-08-30T17:55:24","guid":{"rendered":"https:\/\/encuentroinformativo.com.mx\/?p=44536"},"modified":"2023-08-30T11:57:35","modified_gmt":"2023-08-30T17:57:35","slug":"cerraran-bulevar-de-boca-del-rio-el-primer-fin-de-semana-de-septiembre","status":"publish","type":"post","link":"https:\/\/encuentroinformativo.com.mx\/?p=44536","title":{"rendered":"Cerrar\u00e1n bulevar de Boca del R\u00edo el primer fin de semana de septiembre"},"content":{"rendered":"\n<p><strong>Alejandro \u00c1vila<\/strong><\/p>\n\n\n\n<p>Boca del R\u00edo, Ver.- El alcalde, Juan Manuel Unanue Abascal, confirm\u00f3 que el bulevar de Boca del R\u00edo estar\u00e1 cerrado para la circulaci\u00f3n de veh\u00edculos el primer fin de semana del mes de septiembre, debido a un evento deportivo internacional.<\/p>\n\n\n\n<p>El panista mencion\u00f3 que dicho evento contar\u00e1 con 3 mil competidores y un importante n\u00famero de colaboradores de los deportistas, lo cual dejar\u00e1 una gran derrama econ\u00f3mica en la ciudad.<\/p>\n\n\n\n<p>&#8220;Contento de que elijan la Boca del R\u00edo para ese tipo de eventos, lo he reiterado en un n\u00famero de importante de ocasiones, que esto repercute positivamente en la ciudad, a los comercios, a los hoteles, a la gente trabajadora de Boca del R\u00edo, es un triatl\u00f3n, se llama AsTri, en donde se esperan a m\u00e1s de 3 mil competidores, habr\u00e1 cierres en el bulevar \u00c1vila Camacho el d\u00eda s\u00e1bado, se empieza a montar el d\u00eda viernes, y el d\u00eda s\u00e1bado a partir de las 5 de la ma\u00f1ana hasta las 8 de la noche estar\u00e1 cerrado, y de 5 de la ma\u00f1ana a 1 de la tarde el d\u00eda domingo&#8221;, explic\u00f3.<\/p>\n\n\n\n<p>En otro tema, la ma\u00f1ana de este mi\u00e9rcoles, el presidente municipal, Juan Manuel Unanue, entreg\u00f3 apoyos escolares para todas las instituciones educativas del municipio, desde jardines de ni\u00f1o, primaria, secundaria y bachillerato; el monto total ronda los cinco millones de pesos.<\/p>\n\n\n\n<p>&#8220;Se les va a entregar a kinders, a primaria, a secundarias y a bachilleratos, dos aires acondicionados y dos computadoras de escritorio. Con esto cubrimos algo de todas las solicitudes que nos hacen al a\u00f1o, estamos hablando de 440 equipos, es un esfuerzo que hace el Ayuntamiento, un esfuerzo importante, independientemente de que vamos a seguir apoyando con pintura, con impermeabilizante, y con diferentes situaciones que nos soliciten a lo largo de este a\u00f1o&#8221;, remat\u00f3.<\/p>\n","protected":false},"excerpt":{"rendered":"<p>Alejandro \u00c1vila Boca del R\u00edo, Ver.- El alcalde, Juan Manuel Unanue Abascal, confirm\u00f3 que el bulevar de Boca del R\u00edo estar\u00e1 cerrado para la circulaci\u00f3n de veh\u00edculos el primer fin de semana del mes de septiembre, debido a un evento deportivo internacional. El panista mencion\u00f3 que dicho evento contar\u00e1 con 3 mil competidores y un [&hellip;]<\/p>\n","protected":false},"author":2476,"featured_media":44539,"comment_status":"open","ping_status":"open","sticky":false,"template":"","format":"standard","meta":{"_jetpack_memberships_contains_paid_content":false,"footnotes":""},"categories":[2],"tags":[],"class_list":["post-44536","post","type-post","status-publish","format-standard","has-post-thumbnail","hentry","category-estado"],"jetpack_featured_media_url":"https:\/\/encuentroinformativo.com.mx\/wp-content\/uploads\/2023\/08\/IMG-20230830-WA00342.jpg","jetpack_sharing_enabled":true,"jetpack_likes_enabled":true,"amp_enabled":true,"_links":{"self":[{"href":"https:\/\/encuentroinformativo.com.mx\/index.php?rest_route=\/wp\/v2\/posts\/44536","targetHints":{"allow":["GET"]}}],"collection":[{"href":"https:\/\/encuentroinformativo.com.mx\/index.php?rest_route=\/wp\/v2\/posts"}],"about":[{"href":"https:\/\/encuentroinformativo.com.mx\/index.php?rest_route=\/wp\/v2\/types\/post"}],"author":[{"embeddable":true,"href":"https:\/\/encuentroinformativo.com.mx\/index.php?rest_route=\/wp\/v2\/users\/2476"}],"replies":[{"embeddable":true,"href":"https:\/\/encuentroinformativo.com.mx\/index.php?rest_route=%2Fwp%2Fv2%2Fcomments&post=44536"}],"version-history":[{"count":1,"href":"https:\/\/encuentroinformativo.com.mx\/index.php?rest_route=\/wp\/v2\/posts\/44536\/revisions"}],"predecessor-version":[{"id":44538,"href":"https:\/\/encuentroinformativo.com.mx\/index.php?rest_route=\/wp\/v2\/posts\/44536\/revisions\/44538"}],"wp:featuredmedia":[{"embeddable":true,"href":"https:\/\/encuentroinformativo.com.mx\/index.php?rest_route=\/wp\/v2\/media\/44539"}],"wp:attachment":[{"href":"https:\/\/encuentroinformativo.com.mx\/index.php?rest_route=%2Fwp%2Fv2%2Fmedia&parent=44536"}],"wp:term":[{"taxonomy":"category","embeddable":true,"href":"https:\/\/encuentroinformativo.com.mx\/index.php?rest_route=%2Fwp%2Fv2%2Fcategories&post=44536"},{"taxonomy":"post_tag","embeddable":true,"href":"https:\/\/encuentroinformativo.com.mx\/index.php?rest_route=%2Fwp%2Fv2%2Ftags&post=44536"}],"curies":[{"name":"wp","href":"https:\/\/api.w.org\/{rel}","templated":true}]}}