{"id":44540,"date":"2023-08-30T12:12:51","date_gmt":"2023-08-30T18:12:51","guid":{"rendered":"https:\/\/encuentroinformativo.com.mx\/?p=44540"},"modified":"2023-08-30T12:12:55","modified_gmt":"2023-08-30T18:12:55","slug":"nuestros-familiares-no-son-cifras-reprochan-colectivos","status":"publish","type":"post","link":"https:\/\/encuentroinformativo.com.mx\/?p=44540","title":{"rendered":"&#8220;Nuestros familiares no son cifras&#8221;, reprochan colectivos"},"content":{"rendered":"\n<p><strong>Juan Arcos <\/strong><\/p>\n\n\n\n<p>Xalapa, Ver.- Integrantes de colectivos de b\u00fasqueda marcharon en la ciudad de Xalapa ante presuntas omisiones por parte de la Fiscal\u00eda General del Estado (FGE) en las investigaciones de cada caso de desaparecidos.<\/p>\n\n\n\n<p>Durante este mi\u00e9rcoles 30 de agosto, D\u00eda Internacional de las V\u00edctimas de Desapariciones Forzadas, las personas se concentraron frente a Palacio de Gobierno, en la zona centro de la capital veracruzana, y despu\u00e9s caminaron hacia el Memorial de los Desaparecidos, ubicado en la glorieta de las avenidas Orizaba y Xalapa.<\/p>\n\n\n\n<p>Victoria Delgadillo Romero, integrante del colectivo Familiares Enlaces Xalapa, exigi\u00f3 a las autoridades \u201cque se pongan a hacer su trabajo\u201d y reabran las carpetas de investigaci\u00f3n por casos de desaparecidos de larga data, mismos que no han sido esclarecidos desde hace m\u00e1s de diez a\u00f1os.<\/p>\n\n\n\n<p>\u201cNuestros familiares no son cifras, nuestros familiares son seres humanos que tienen nombre y apellido, y familias que los buscan, aqu\u00ed estamos otro a\u00f1o alzando la voz por nuestros familiares\u201d.<\/p>\n\n\n\n<p>Tambi\u00e9n mencion\u00f3 que en el estado de Veracruz hay nuevos casos de desaparecidos todos los d\u00edas, situaci\u00f3n que es alarmante.<\/p>\n\n\n\n<p>\u201cNo tenemos una cifra exacta de todos los desaparecidos porque desgraciadamente d\u00eda a d\u00eda se van sumando en toda la Rep\u00fablica Mexicana, eso es lo que est\u00e1 pasando, no lo que dicen en las noticias: que ya no hay desparecidos, que est\u00e1 bien el estado de Veracruz, eso es una mentira\u201d.<\/p>\n\n\n\n<p>Adem\u00e1s, record\u00f3 a la Fiscal\u00eda General del Estado que sus hijas e hijos contin\u00faan desaparecidos y, aunque ellos no tienen voz, sus familiares salieron nuevamente a las calles para exigir justicia.<\/p>\n\n\n\n<p>\u201cDecirle a las autoridades que ellos siguen desparecidos, que se pongan a trabajar, que vean las carpetas, que vean las l\u00edneas de investigaci\u00f3n que est\u00e1n ah\u00ed para dar con el paradero de nuestros familiares\u201d.<\/p>\n\n\n\n<p>Estas personas realizaron una exposici\u00f3n fotogr\u00e1fica en el Memorial de los Desaparecidos, donde indicaron que continuar\u00e1n las acciones de b\u00fasqueda hasta encontrarlos.<\/p>\n\n\n\n<p>Victoria Delgadillo busca a su hija Yunery Citlally Hern\u00e1ndez Delgadillo, una joven de 26 a\u00f1os que desapareci\u00f3 en noviembre de 2011, en Xalapa, junto con otras 14 j\u00f3venes que hab\u00edan sido invitadas a un evento y nunca regresaron.<\/p>\n","protected":false},"excerpt":{"rendered":"<p>Juan Arcos Xalapa, Ver.- Integrantes de colectivos de b\u00fasqueda marcharon en la ciudad de Xalapa ante presuntas omisiones por parte de la Fiscal\u00eda General del Estado (FGE) en las investigaciones de cada caso de desaparecidos. Durante este mi\u00e9rcoles 30 de agosto, D\u00eda Internacional de las V\u00edctimas de Desapariciones Forzadas, las personas se concentraron frente a [&hellip;]<\/p>\n","protected":false},"author":2476,"featured_media":44541,"comment_status":"open","ping_status":"open","sticky":false,"template":"","format":"standard","meta":{"_jetpack_memberships_contains_paid_content":false,"footnotes":""},"categories":[3],"tags":[],"class_list":["post-44540","post","type-post","status-publish","format-standard","has-post-thumbnail","hentry","category-xalapa"],"jetpack_featured_media_url":"https:\/\/encuentroinformativo.com.mx\/wp-content\/uploads\/2023\/08\/IMG_3659.jpg","jetpack_sharing_enabled":true,"jetpack_likes_enabled":true,"amp_enabled":true,"_links":{"self":[{"href":"https:\/\/encuentroinformativo.com.mx\/index.php?rest_route=\/wp\/v2\/posts\/44540","targetHints":{"allow":["GET"]}}],"collection":[{"href":"https:\/\/encuentroinformativo.com.mx\/index.php?rest_route=\/wp\/v2\/posts"}],"about":[{"href":"https:\/\/encuentroinformativo.com.mx\/index.php?rest_route=\/wp\/v2\/types\/post"}],"author":[{"embeddable":true,"href":"https:\/\/encuentroinformativo.com.mx\/index.php?rest_route=\/wp\/v2\/users\/2476"}],"replies":[{"embeddable":true,"href":"https:\/\/encuentroinformativo.com.mx\/index.php?rest_route=%2Fwp%2Fv2%2Fcomments&post=44540"}],"version-history":[{"count":1,"href":"https:\/\/encuentroinformativo.com.mx\/index.php?rest_route=\/wp\/v2\/posts\/44540\/revisions"}],"predecessor-version":[{"id":44542,"href":"https:\/\/encuentroinformativo.com.mx\/index.php?rest_route=\/wp\/v2\/posts\/44540\/revisions\/44542"}],"wp:featuredmedia":[{"embeddable":true,"href":"https:\/\/encuentroinformativo.com.mx\/index.php?rest_route=\/wp\/v2\/media\/44541"}],"wp:attachment":[{"href":"https:\/\/encuentroinformativo.com.mx\/index.php?rest_route=%2Fwp%2Fv2%2Fmedia&parent=44540"}],"wp:term":[{"taxonomy":"category","embeddable":true,"href":"https:\/\/encuentroinformativo.com.mx\/index.php?rest_route=%2Fwp%2Fv2%2Fcategories&post=44540"},{"taxonomy":"post_tag","embeddable":true,"href":"https:\/\/encuentroinformativo.com.mx\/index.php?rest_route=%2Fwp%2Fv2%2Ftags&post=44540"}],"curies":[{"name":"wp","href":"https:\/\/api.w.org\/{rel}","templated":true}]}}