{"id":44543,"date":"2023-08-30T09:06:17","date_gmt":"2023-08-30T15:06:17","guid":{"rendered":"https:\/\/encuentroinformativo.com.mx\/?p=44543"},"modified":"2023-08-30T13:33:51","modified_gmt":"2023-08-30T19:33:51","slug":"sev-sin-rendir-cuentas-del-impuesto-a-la-educacion-acusa-diputado","status":"publish","type":"post","link":"https:\/\/encuentroinformativo.com.mx\/?p=44543","title":{"rendered":"SEV sin rendir cuentas del impuesto a la Educaci\u00f3n, acusa Diputado"},"content":{"rendered":"\n<p><strong>Alejandro \u00c1vila<\/strong><\/p>\n\n\n\n<p>Veracruz, Ver.- El diputado local, Jaime de la Garza Mart\u00ednez, denunci\u00f3 que el Gobierno de Veracruz no ha entregado 1 025 millones 938 mil 008 pesos, qu\u00e9 recauda anualmente por el impuesto de Fomento a la Educaci\u00f3n.<\/p>\n\n\n\n<p>El panista se\u00f1al\u00f3 que, a pesar de que han solicitado a la Secretar\u00eda de Educaci\u00f3n de Veracruz, de a conocer el destino de esta importante suma econ\u00f3mica, a la fecha no han entregado ning\u00fan informe de, a d\u00f3nde y c\u00f3mo se destina esta aportaci\u00f3n de los veracruzanos.<\/p>\n\n\n\n<p>Este recurso, expuso, deber\u00eda de destinarse a la mejora de las m\u00e1s de 20 mil instituciones educativas que tiene la entidad veracruzana.<\/p>\n\n\n\n<p>&#8220;Desde el primer d\u00eda como diputado he recorrido las escuelas de mi distrito, y les puedo asegurar que el recurso no llega, no saben las carencias que tienen esas escuelas que requieren atenci\u00f3n inmediata, que garanticen que esos espacios p\u00fablicos sean de calidad y contribuyan a los fines de la educaci\u00f3n, algo que las ni\u00f1as, ni\u00f1os y adolescentes veracruzanos tienen derecho&#8221;, subray\u00f3.<\/p>\n\n\n\n<p>En ese sentido, Jaime de la Garza, dijo que desde que tom\u00f3 el cargo como legislador, ha aportado recursos propios para mejorar algunas de las escuelas de su distrito, aportando en algunas ocasiones, aires acondicionados, sanitarios dignos, impermeabilizaci\u00f3n, tinacos o cisternas e incluso, hasta el pago de la energ\u00eda el\u00e9ctrica.<\/p>\n\n\n\n<p>&#8220;Por esa raz\u00f3n propuse una iniciativa de ley en el Congreso del Estado, para modificar el art\u00edculo 135 del C\u00f3digo Financiero del Estado de Veracruz, para dejar las ambig\u00fcedades y especificar en la ley el destino de este impuesto que todos los veracruzanos pagamos por pagar un impuesto. Mi propuesta es muy sencilla, que se aplique \u00edntegramente el 50 por ciento de este recurso para la rehabilitaci\u00f3n de planteles p\u00fablicos del sistema educativo estatal, y el 50 por ciento para la operaci\u00f3n del programa veracruzano de estancias infantiles y escuelas de tiempo completo&#8221;, sentenci\u00f3.<\/p>\n","protected":false},"excerpt":{"rendered":"<p>Alejandro \u00c1vila Veracruz, Ver.- El diputado local, Jaime de la Garza Mart\u00ednez, denunci\u00f3 que el Gobierno de Veracruz no ha entregado 1 025 millones 938 mil 008 pesos, qu\u00e9 recauda anualmente por el impuesto de Fomento a la Educaci\u00f3n. El panista se\u00f1al\u00f3 que, a pesar de que han solicitado a la Secretar\u00eda de Educaci\u00f3n de [&hellip;]<\/p>\n","protected":false},"author":2476,"featured_media":44544,"comment_status":"open","ping_status":"open","sticky":false,"template":"","format":"standard","meta":{"_jetpack_memberships_contains_paid_content":false,"footnotes":""},"categories":[2],"tags":[],"class_list":["post-44543","post","type-post","status-publish","format-standard","has-post-thumbnail","hentry","category-estado"],"jetpack_featured_media_url":"https:\/\/encuentroinformativo.com.mx\/wp-content\/uploads\/2023\/08\/IMG-20230830-WA00572.jpg","jetpack_sharing_enabled":true,"jetpack_likes_enabled":true,"amp_enabled":true,"_links":{"self":[{"href":"https:\/\/encuentroinformativo.com.mx\/index.php?rest_route=\/wp\/v2\/posts\/44543","targetHints":{"allow":["GET"]}}],"collection":[{"href":"https:\/\/encuentroinformativo.com.mx\/index.php?rest_route=\/wp\/v2\/posts"}],"about":[{"href":"https:\/\/encuentroinformativo.com.mx\/index.php?rest_route=\/wp\/v2\/types\/post"}],"author":[{"embeddable":true,"href":"https:\/\/encuentroinformativo.com.mx\/index.php?rest_route=\/wp\/v2\/users\/2476"}],"replies":[{"embeddable":true,"href":"https:\/\/encuentroinformativo.com.mx\/index.php?rest_route=%2Fwp%2Fv2%2Fcomments&post=44543"}],"version-history":[{"count":1,"href":"https:\/\/encuentroinformativo.com.mx\/index.php?rest_route=\/wp\/v2\/posts\/44543\/revisions"}],"predecessor-version":[{"id":44545,"href":"https:\/\/encuentroinformativo.com.mx\/index.php?rest_route=\/wp\/v2\/posts\/44543\/revisions\/44545"}],"wp:featuredmedia":[{"embeddable":true,"href":"https:\/\/encuentroinformativo.com.mx\/index.php?rest_route=\/wp\/v2\/media\/44544"}],"wp:attachment":[{"href":"https:\/\/encuentroinformativo.com.mx\/index.php?rest_route=%2Fwp%2Fv2%2Fmedia&parent=44543"}],"wp:term":[{"taxonomy":"category","embeddable":true,"href":"https:\/\/encuentroinformativo.com.mx\/index.php?rest_route=%2Fwp%2Fv2%2Fcategories&post=44543"},{"taxonomy":"post_tag","embeddable":true,"href":"https:\/\/encuentroinformativo.com.mx\/index.php?rest_route=%2Fwp%2Fv2%2Ftags&post=44543"}],"curies":[{"name":"wp","href":"https:\/\/api.w.org\/{rel}","templated":true}]}}