{"id":44546,"date":"2023-08-30T14:11:58","date_gmt":"2023-08-30T20:11:58","guid":{"rendered":"https:\/\/encuentroinformativo.com.mx\/?p=44546"},"modified":"2023-08-30T14:12:02","modified_gmt":"2023-08-30T20:12:02","slug":"rechazan-habitantes-de-jaltipan-relleno-sanitario-regional","status":"publish","type":"post","link":"https:\/\/encuentroinformativo.com.mx\/?p=44546","title":{"rendered":"Rechazan habitantes de J\u00e1ltipan relleno sanitario regional"},"content":{"rendered":"\n<p><strong>Eirinet G\u00f3mez<\/strong><\/p>\n\n\n\n<p>Xalapa, Ver.- Habitantes de J\u00e1ltipan realizaron una protesta en la explanada principal del municipio en rechazo contra el proyecto de Relleno Sanitario Regional que pretende instalarse en el municipio, y donde pretende almacenar la basura de Coatzacoalcos, Cosoleacaque y Minatitl\u00e1n, luego de que a partir de septiembre se deje de usar Las Matas, un tiradero a cielo abierto de 26 hect\u00e1reas, considerado el m\u00e1s grande del pa\u00eds y uno de los focos de contaminaci\u00f3n m\u00e1s alarmantes del pa\u00eds.<\/p>\n\n\n\n<p>\u201cEs muy importante que entiendan que Jaltipan no tiene un s\u00f3lo lugar para colocar un relleno sanitario, la tierra que se requiere para ese tipo de proyectos debe ser calizas o arcillosas, y J\u00e1ltipan es un sitio arenoso, lo primero que va a pasar es que se van a contaminar las aguas.<\/p>\n\n\n\n<p>\u201cSabemos que se necesita un relleno sanitario, pero para el municipio, en el momento que vengan desechos industriales de otro lado nos vamos a meter en un problema como ciudad y lo vamos a pagar todos. Tenemos que evitar que Jaltipan termine siendo un basurero\u201d, se\u00f1alaron los ciudadanos a trav\u00e9s de un altavoz.<\/p>\n\n\n\n<p>Durante la manifestaci\u00f3n, los habitantes leyeron notas informativas donde autoridades del medio ambiente federal y estatal hablan de que ya tienen acuerdos firmados con el ayuntamiento de Jaltipan para la instalaci\u00f3n del Relleno Sanitario Regional. Y reclamaron al alcalde Jes\u00fas Miguel P\u00e9rez Toto (Morena) que sin consultarlos haya dado una autorizaci\u00f3n que pone en riesgo la salud de sus habitantes.<\/p>\n\n\n\n<p>\u201c\u00bfCu\u00e1l es el nuevo tiradero que acaban de autorizar? \u00a1El de J\u00e1ltipan!, \u00f3sea \u00bf los m\u00e1s tontos somos los jaltipanecos?, cuestionaron los inconformes, quienes se\u00f1alaron que de instalarse un Relleno Sanitario Regional en este municipios, se compromete la salud de las nuevas generaciones y los mantos de agua que atraviesan el municipio.<\/p>\n\n\n\n<p>Ante la protesta de casi trescientos manifestantes, el alcalde Jes\u00fas Miguel P\u00e9rez Toto (Morena) sali\u00f3 a la explanada frente al Palacio Municipal, a quienes se\u00f1al\u00f3 que el cabildo no ha otorgado ning\u00fan consentimiento para la instalaci\u00f3n del Relleno Sanitario Regional en el municipio.<\/p>\n\n\n\n<p>P\u00e9rez Toto, \u201cmuchos de ustedes est\u00e1n enterados de c\u00f3mo es un tr\u00e1mite para aterrizar un relleno sanitario, efectivamente se firm\u00f3 un convenio de colaboraci\u00f3n para remediar 4.5 hect\u00e1reas del relleno existente en el municipio\u201d.<\/p>\n\n\n\n<p>Los manifestantes pidieron al alcalde P\u00e9rez Toto que les otorgue garant\u00edas de que no se ha firmado ning\u00fan convenio y que no se firmar\u00e1 en lo que resta de su administraci\u00f3n.<\/p>\n\n\n\n<figure class=\"wp-block-image size-large\"><img loading=\"lazy\" decoding=\"async\" width=\"1024\" height=\"567\" src=\"https:\/\/encuentroinformativo.com.mx\/wp-content\/uploads\/2023\/08\/Screenshot_20230830-140755-1024x567.png\" alt=\"\" class=\"wp-image-44548\" srcset=\"https:\/\/encuentroinformativo.com.mx\/wp-content\/uploads\/2023\/08\/Screenshot_20230830-140755-1024x567.png 1024w, https:\/\/encuentroinformativo.com.mx\/wp-content\/uploads\/2023\/08\/Screenshot_20230830-140755-300x166.png 300w, https:\/\/encuentroinformativo.com.mx\/wp-content\/uploads\/2023\/08\/Screenshot_20230830-140755-768x425.png 768w, https:\/\/encuentroinformativo.com.mx\/wp-content\/uploads\/2023\/08\/Screenshot_20230830-140755.png 1080w\" sizes=\"auto, (max-width: 1024px) 100vw, 1024px\" \/><\/figure>\n","protected":false},"excerpt":{"rendered":"<p>Eirinet G\u00f3mez Xalapa, Ver.- Habitantes de J\u00e1ltipan realizaron una protesta en la explanada principal del municipio en rechazo contra el proyecto de Relleno Sanitario Regional que pretende instalarse en el municipio, y donde pretende almacenar la basura de Coatzacoalcos, Cosoleacaque y Minatitl\u00e1n, luego de que a partir de septiembre se deje de usar Las Matas, [&hellip;]<\/p>\n","protected":false},"author":2476,"featured_media":44547,"comment_status":"open","ping_status":"open","sticky":false,"template":"","format":"standard","meta":{"_jetpack_memberships_contains_paid_content":false,"footnotes":""},"categories":[2],"tags":[],"class_list":["post-44546","post","type-post","status-publish","format-standard","has-post-thumbnail","hentry","category-estado"],"jetpack_featured_media_url":"https:\/\/encuentroinformativo.com.mx\/wp-content\/uploads\/2023\/08\/Screenshot_20230830-140729.png","jetpack_sharing_enabled":true,"jetpack_likes_enabled":true,"amp_enabled":true,"_links":{"self":[{"href":"https:\/\/encuentroinformativo.com.mx\/index.php?rest_route=\/wp\/v2\/posts\/44546","targetHints":{"allow":["GET"]}}],"collection":[{"href":"https:\/\/encuentroinformativo.com.mx\/index.php?rest_route=\/wp\/v2\/posts"}],"about":[{"href":"https:\/\/encuentroinformativo.com.mx\/index.php?rest_route=\/wp\/v2\/types\/post"}],"author":[{"embeddable":true,"href":"https:\/\/encuentroinformativo.com.mx\/index.php?rest_route=\/wp\/v2\/users\/2476"}],"replies":[{"embeddable":true,"href":"https:\/\/encuentroinformativo.com.mx\/index.php?rest_route=%2Fwp%2Fv2%2Fcomments&post=44546"}],"version-history":[{"count":1,"href":"https:\/\/encuentroinformativo.com.mx\/index.php?rest_route=\/wp\/v2\/posts\/44546\/revisions"}],"predecessor-version":[{"id":44549,"href":"https:\/\/encuentroinformativo.com.mx\/index.php?rest_route=\/wp\/v2\/posts\/44546\/revisions\/44549"}],"wp:featuredmedia":[{"embeddable":true,"href":"https:\/\/encuentroinformativo.com.mx\/index.php?rest_route=\/wp\/v2\/media\/44547"}],"wp:attachment":[{"href":"https:\/\/encuentroinformativo.com.mx\/index.php?rest_route=%2Fwp%2Fv2%2Fmedia&parent=44546"}],"wp:term":[{"taxonomy":"category","embeddable":true,"href":"https:\/\/encuentroinformativo.com.mx\/index.php?rest_route=%2Fwp%2Fv2%2Fcategories&post=44546"},{"taxonomy":"post_tag","embeddable":true,"href":"https:\/\/encuentroinformativo.com.mx\/index.php?rest_route=%2Fwp%2Fv2%2Ftags&post=44546"}],"curies":[{"name":"wp","href":"https:\/\/api.w.org\/{rel}","templated":true}]}}