{"id":44550,"date":"2023-08-30T16:07:45","date_gmt":"2023-08-30T22:07:45","guid":{"rendered":"https:\/\/encuentroinformativo.com.mx\/?p=44550"},"modified":"2023-08-30T16:07:49","modified_gmt":"2023-08-30T22:07:49","slug":"solicitaran-colectivos-a-fgr-intervenir-ranchos-con-presuntas-fosas-clandestinas","status":"publish","type":"post","link":"https:\/\/encuentroinformativo.com.mx\/?p=44550","title":{"rendered":"Solicitar\u00e1n colectivos a FGR intervenir ranchos con presuntas fosas clandestinas"},"content":{"rendered":"\n<p><strong>Juan Arcos <\/strong><\/p>\n\n\n\n<p>Xalapa, Ver.- En pr\u00f3ximas semanas, familiares de desparecidos de Veracruz se reunir\u00e1n con autoridades de la Fiscal\u00eda General de la Rep\u00fablica (FGR) para pedirle que permita la intervenci\u00f3n de dos ranchos con posibles fosas clandestinas en la regi\u00f3n capital del estado.<\/p>\n\n\n\n<p>Carlos Salda\u00f1a Grajales, integrante del colectivo Familiares Enlaces Xalapa, indic\u00f3 que los predios est\u00e1n asegurados porque hubo enfrentamientos armados y all\u00ed podr\u00edan encontrarse restos humanos.<\/p>\n\n\n\n<p>La reuni\u00f3n con la FGR se llevar\u00e1 a cabo los d\u00edas 16, 17 y 18 de septiembre donde ser\u00e1 planteada la necesidad de llevar a cabo trabajos de b\u00fasqueda en esos sitios.<\/p>\n\n\n\n<p>\u201cSe har\u00e1n las peticiones para que den las facilidades y puedan ingresar a los terrenos con el apoyo de los ministeriales, personal de la Comisi\u00f3n Nacional de Derechos Humanos (CNDH)\u201d, indic\u00f3.<\/p>\n\n\n\n<p>Tambi\u00e9n el 20 de septiembre tendr\u00e1n un encuentro en la Subprocuradur\u00eda Especializada en Investigaci\u00f3n de Delincuencia Organizada (Seido) para dar seguimiento al tema de las b\u00fasquedas en la entidad.<\/p>\n\n\n\n<p>\u201cLo estamos pidiendo desde hace a\u00f1os, queremos que se lleven a cabo, son unos ranchos que est\u00e1n asegurados, donde despu\u00e9s de 2012 hubo enfrentamientos y se encontraron unos cuerpos y pueden darnos datos\u201d, expres\u00f3 el entrevistado durante el D\u00eda Internacional de las V\u00edctimas de Desapariciones Forzadas.<\/p>\n\n\n\n<p><strong>HALLAN RESTOS HUMANOS EN BARRANCA<\/strong><\/p>\n\n\n\n<p>Salda\u00f1a Grajales declar\u00f3 que continuar\u00edan las b\u00fasquedas en \u201cLa Barranca de la Aurora\u201d, ubicada en El Lencero, municipio de Emiliano Zapata, a la altura del Centro de Estudios e Investigaci\u00f3n en Seguridad (CEIS), antes la Academia Estatal de Polic\u00eda.<\/p>\n\n\n\n<p>Detall\u00f3 que la semana pasada fueron encontrados los restos de tres cr\u00e1neos en esa zona y por ello se requiere la identificaci\u00f3n corresponde por parte de la Fiscal\u00eda de Veracruz.<\/p>\n\n\n\n<p>Sin embargo, mencion\u00f3 que seguir\u00e1n las b\u00fasquedas en otras regiones de la entidad veracruzana, pues hay m\u00e1s de 100 puntos donde podr\u00eda haber cementerios clandestinos.<\/p>\n\n\n\n<p>Carlos Salda\u00f1a busca a sus hijos Karla Nallely Salda\u00f1a Grajales y Jes\u00fas Alberto Estrada Mart\u00ednez, quienes ten\u00edan 20 a\u00f1os, cuando desaparecieron aquel 29 de noviembre de 2011, en la zona de antros de Xalapa<\/p>\n","protected":false},"excerpt":{"rendered":"<p>Juan Arcos Xalapa, Ver.- En pr\u00f3ximas semanas, familiares de desparecidos de Veracruz se reunir\u00e1n con autoridades de la Fiscal\u00eda General de la Rep\u00fablica (FGR) para pedirle que permita la intervenci\u00f3n de dos ranchos con posibles fosas clandestinas en la regi\u00f3n capital del estado. Carlos Salda\u00f1a Grajales, integrante del colectivo Familiares Enlaces Xalapa, indic\u00f3 que los [&hellip;]<\/p>\n","protected":false},"author":2476,"featured_media":44551,"comment_status":"open","ping_status":"open","sticky":false,"template":"","format":"standard","meta":{"_jetpack_memberships_contains_paid_content":false,"footnotes":""},"categories":[2],"tags":[],"class_list":["post-44550","post","type-post","status-publish","format-standard","has-post-thumbnail","hentry","category-estado"],"jetpack_featured_media_url":"https:\/\/encuentroinformativo.com.mx\/wp-content\/uploads\/2023\/08\/IMG_3668-rotated.jpg","jetpack_sharing_enabled":true,"jetpack_likes_enabled":true,"amp_enabled":true,"_links":{"self":[{"href":"https:\/\/encuentroinformativo.com.mx\/index.php?rest_route=\/wp\/v2\/posts\/44550","targetHints":{"allow":["GET"]}}],"collection":[{"href":"https:\/\/encuentroinformativo.com.mx\/index.php?rest_route=\/wp\/v2\/posts"}],"about":[{"href":"https:\/\/encuentroinformativo.com.mx\/index.php?rest_route=\/wp\/v2\/types\/post"}],"author":[{"embeddable":true,"href":"https:\/\/encuentroinformativo.com.mx\/index.php?rest_route=\/wp\/v2\/users\/2476"}],"replies":[{"embeddable":true,"href":"https:\/\/encuentroinformativo.com.mx\/index.php?rest_route=%2Fwp%2Fv2%2Fcomments&post=44550"}],"version-history":[{"count":1,"href":"https:\/\/encuentroinformativo.com.mx\/index.php?rest_route=\/wp\/v2\/posts\/44550\/revisions"}],"predecessor-version":[{"id":44552,"href":"https:\/\/encuentroinformativo.com.mx\/index.php?rest_route=\/wp\/v2\/posts\/44550\/revisions\/44552"}],"wp:featuredmedia":[{"embeddable":true,"href":"https:\/\/encuentroinformativo.com.mx\/index.php?rest_route=\/wp\/v2\/media\/44551"}],"wp:attachment":[{"href":"https:\/\/encuentroinformativo.com.mx\/index.php?rest_route=%2Fwp%2Fv2%2Fmedia&parent=44550"}],"wp:term":[{"taxonomy":"category","embeddable":true,"href":"https:\/\/encuentroinformativo.com.mx\/index.php?rest_route=%2Fwp%2Fv2%2Fcategories&post=44550"},{"taxonomy":"post_tag","embeddable":true,"href":"https:\/\/encuentroinformativo.com.mx\/index.php?rest_route=%2Fwp%2Fv2%2Ftags&post=44550"}],"curies":[{"name":"wp","href":"https:\/\/api.w.org\/{rel}","templated":true}]}}