{"id":44556,"date":"2023-08-30T18:13:07","date_gmt":"2023-08-31T00:13:07","guid":{"rendered":"https:\/\/encuentroinformativo.com.mx\/?p=44556"},"modified":"2023-08-30T18:13:11","modified_gmt":"2023-08-31T00:13:11","slug":"mantienen-acciones-coordinadas-de-seguridad-en-poza-rica","status":"publish","type":"post","link":"https:\/\/encuentroinformativo.com.mx\/?p=44556","title":{"rendered":"Mantienen acciones coordinadas de seguridad en Poza Rica"},"content":{"rendered":"\n<p>Poza Rica, Ver.- Dando seguimiento a las instrucciones del Gobernador Cuitl\u00e1huac Garc\u00eda Jim\u00e9nez de fortalecer las acciones operativas en cada una de las regiones de la entidad, este d\u00eda el Secretario de Seguridad P\u00fablica, Cap. Cuauht\u00e9moc Z\u00fa\u00f1iga Bonilla, encabez\u00f3 reuni\u00f3n de trabajo en el municipio de Poza Rica.<\/p>\n\n\n\n<p>Con el objetivo com\u00fan de reforzar y coordinar acciones preventivas en la zona norte de Veracruz, mandos de Fuerza Civil, Polic\u00eda Estatal y C4, evaluaron y puntualizaron las diferentes medidas y estrategias de seguridad que se implementan en dicha ciudad petrolera y municipios aleda\u00f1os.<\/p>\n\n\n\n<p>Con un gran compromiso por Veracruz, la Cuarta Transformaci\u00f3n trabaja de manera constante por el bienestar de las familias veracruzanas.<\/p>\n","protected":false},"excerpt":{"rendered":"<p>Poza Rica, Ver.- Dando seguimiento a las instrucciones del Gobernador Cuitl\u00e1huac Garc\u00eda Jim\u00e9nez de fortalecer las acciones operativas en cada una de las regiones de la entidad, este d\u00eda el Secretario de Seguridad P\u00fablica, Cap. Cuauht\u00e9moc Z\u00fa\u00f1iga Bonilla, encabez\u00f3 reuni\u00f3n de trabajo en el municipio de Poza Rica. Con el objetivo com\u00fan de reforzar y [&hellip;]<\/p>\n","protected":false},"author":2476,"featured_media":44557,"comment_status":"open","ping_status":"open","sticky":false,"template":"","format":"standard","meta":{"_jetpack_memberships_contains_paid_content":false,"footnotes":""},"categories":[2],"tags":[],"class_list":["post-44556","post","type-post","status-publish","format-standard","has-post-thumbnail","hentry","category-estado"],"jetpack_featured_media_url":"https:\/\/encuentroinformativo.com.mx\/wp-content\/uploads\/2023\/08\/IMG-20230830-WA01253.jpg","jetpack_sharing_enabled":true,"jetpack_likes_enabled":true,"amp_enabled":true,"_links":{"self":[{"href":"https:\/\/encuentroinformativo.com.mx\/index.php?rest_route=\/wp\/v2\/posts\/44556","targetHints":{"allow":["GET"]}}],"collection":[{"href":"https:\/\/encuentroinformativo.com.mx\/index.php?rest_route=\/wp\/v2\/posts"}],"about":[{"href":"https:\/\/encuentroinformativo.com.mx\/index.php?rest_route=\/wp\/v2\/types\/post"}],"author":[{"embeddable":true,"href":"https:\/\/encuentroinformativo.com.mx\/index.php?rest_route=\/wp\/v2\/users\/2476"}],"replies":[{"embeddable":true,"href":"https:\/\/encuentroinformativo.com.mx\/index.php?rest_route=%2Fwp%2Fv2%2Fcomments&post=44556"}],"version-history":[{"count":1,"href":"https:\/\/encuentroinformativo.com.mx\/index.php?rest_route=\/wp\/v2\/posts\/44556\/revisions"}],"predecessor-version":[{"id":44558,"href":"https:\/\/encuentroinformativo.com.mx\/index.php?rest_route=\/wp\/v2\/posts\/44556\/revisions\/44558"}],"wp:featuredmedia":[{"embeddable":true,"href":"https:\/\/encuentroinformativo.com.mx\/index.php?rest_route=\/wp\/v2\/media\/44557"}],"wp:attachment":[{"href":"https:\/\/encuentroinformativo.com.mx\/index.php?rest_route=%2Fwp%2Fv2%2Fmedia&parent=44556"}],"wp:term":[{"taxonomy":"category","embeddable":true,"href":"https:\/\/encuentroinformativo.com.mx\/index.php?rest_route=%2Fwp%2Fv2%2Fcategories&post=44556"},{"taxonomy":"post_tag","embeddable":true,"href":"https:\/\/encuentroinformativo.com.mx\/index.php?rest_route=%2Fwp%2Fv2%2Ftags&post=44556"}],"curies":[{"name":"wp","href":"https:\/\/api.w.org\/{rel}","templated":true}]}}